{"id":7521,"date":"2026-08-26T13:52:23","date_gmt":"2026-08-26T13:52:23","guid":{"rendered":"https:\/\/www.ludwig-von-kapff.de\/blog\/?p=7521"},"modified":"2026-08-26T13:52:23","modified_gmt":"2026-08-26T13:52:23","slug":"welcher-wein-passt-zu-tapas","status":"publish","type":"post","link":"https:\/\/www.ludwig-von-kapff.de\/blog\/welcher-wein-passt-zu-tapas","title":{"rendered":"Welcher Wein passt zu Tapas?"},"content":{"rendered":"\n<p class=\"wp-block-paragraph\"><strong>Die Kurze Antwort:<\/strong>&nbsp;Zu Tapas passen sowohl Rotwein als auch Wei\u00dfwein \u2013 <strong>die Wahl richtet sich nach dem jeweiligen Gericht.<\/strong> Zu Meeresfr\u00fcchten, Oliven und Knoblauch-Gerichten passt ein frischer Wei\u00dfwein oder Ros\u00e9, etwa Albari\u00f1o, Wei\u00df- oder Grauburgunder, Gr\u00fcner Veltliner oder Verdejo. Zu Jam\u00f3n, Chorizo und Fleisch-Pinchos passt ein fruchtiger Rotwein, allen voran ein Rioja Crianza. \u00d6l- und Salz-Tapas wie Patatas Bravas harmonieren mit knackigen Wei\u00dfweinen und Rosados mit mittlerem K\u00f6rper.<\/p>\n\n\n\n<ol class=\"wp-block-list\">\n<li><a href=\"#warum-tapas-eine-vielseitige-weinbegleitung-brauchen\">Warum Tapas eine vielseitige Weinbegleitung brauchen<\/a><\/li>\n\n\n\n<li><a href=\"#welcher-wein-passt-zu-welcher-tapa\">Welcher Wein passt zu welcher Tapa?<\/a><\/li>\n\n\n\n<li><a href=\"#crianza-oder-reserva-zu-tapas\">Crianza oder Reserva zu Tapas?<\/a><\/li>\n\n\n\n<li><a href=\"#spanischer-wein-zu-tapas-aus-unserem-sortiment\">Spanischer Wein zu Tapas aus dem Sortiment von Ludwig von Kapff<\/a><\/li>\n\n\n\n<li><a href=\"#faq-haeufige-fragen-zu-wein-und-tapas\">FAQ: H\u00e4ufige Fragen zu Wein und Tapas<\/a><\/li>\n<\/ol>\n\n\n\n<h2 class=\"wp-block-heading\" id=\"warum-tapas-eine-vielseitige-weinbegleitung-brauchen\">Warum Tapas eine vielseitige Weinbegleitung brauchen<\/h2>\n\n\n\n<p class=\"wp-block-paragraph\">Tapas bringen viele kleine Gerichte gleichzeitig auf den Tisch, und jedes bringt einen eigenen Geschmackscharakter mit.&nbsp;<strong>Salzige Oliven, ger\u00e4ucherter Chorizo, mariniertes Meeresgetier und scharf gebratene Garnelen treffen in derselben Runde aufeinander<\/strong>&nbsp;\u2013 eine Herausforderung f\u00fcr die Wein-Wahl, denn ein einziger Wein deckt selten alle diese Kontraste ab. Statt sich auf eine Flasche festzulegen, empfiehlt es sich bei einer Tapas-Runde, mit mehreren Weinen zu arbeiten und je nach servierter Tapa nachzuschenken. Wenn Sie eine kleinere Auswahl treffen m\u00f6chten, orientieren Sie sich an der Hauptzutat: Fisch und Meeresfr\u00fcchte verlangen nach anderen Weinen als Fleisch oder gebratenes Gem\u00fcse.<\/p>\n\n\n\n<h2 class=\"wp-block-heading\" id=\"welcher-wein-passt-zu-welcher-tapa\">Welcher Wein passt zu welcher Tapa?<\/h2>\n\n\n\n<figure class=\"wp-block-image size-large\"><img loading=\"lazy\" decoding=\"async\" width=\"1024\" height=\"683\" src=\"https:\/\/www.ludwig-von-kapff.de\/blog\/wp-content\/uploads\/2026\/08\/tapas-sardellen-oliven-schinken-mehr-1024x683.jpg\" alt=\"Diverse Tapas-Sch\u00e4lchen mit Sardellen, Oliven, Schinken, K\u00e4se und mehr.\" class=\"wp-image-7524\" srcset=\"https:\/\/www.ludwig-von-kapff.de\/blog\/wp-content\/uploads\/2026\/08\/tapas-sardellen-oliven-schinken-mehr-1024x683.jpg 1024w, https:\/\/www.ludwig-von-kapff.de\/blog\/wp-content\/uploads\/2026\/08\/tapas-sardellen-oliven-schinken-mehr-300x200.jpg 300w, https:\/\/www.ludwig-von-kapff.de\/blog\/wp-content\/uploads\/2026\/08\/tapas-sardellen-oliven-schinken-mehr-768x512.jpg 768w, https:\/\/www.ludwig-von-kapff.de\/blog\/wp-content\/uploads\/2026\/08\/tapas-sardellen-oliven-schinken-mehr-150x100.jpg 150w, https:\/\/www.ludwig-von-kapff.de\/blog\/wp-content\/uploads\/2026\/08\/tapas-sardellen-oliven-schinken-mehr.jpg 1200w\" sizes=\"auto, (max-width: 1024px) 100vw, 1024px\" \/><\/figure>\n\n\n\n<p class=\"wp-block-paragraph\">Die Wein-Wahl richtet sich nach der Zubereitung und der Hauptzutat der jeweiligen Tapa.&nbsp;<strong>Wei\u00dfwein und Ros\u00e9 begleiten Meeresfr\u00fcchte, Oliven und Knoblauch-Gerichte<\/strong>, w\u00e4hrend kr\u00e4ftigere Rotweine zu Schinken, Wurst und gegrilltem Fleisch passen. Nutzen Sie gerne unsere Empfehlung f\u00fcr einen gelungenen Tapas-Abend:<\/p>\n\n\n\n<figure class=\"wp-block-table\"><table class=\"has-fixed-layout\"><thead><tr><th>Tapas<\/th><th>Passender Wein<\/th><\/tr><\/thead><tbody><tr><td>Gambas al Ajillo, Boquerones, weitere Meeresfr\u00fcchte<\/td><td>Knackiger Albari\u00f1o oder Verdejo aus Rueda<\/td><\/tr><tr><td>Tortilla Espa\u00f1ola, Pimientos de Padr\u00f3n, gef\u00fcllte Oliven<\/td><td>Wei\u00df- oder Grauburgunder mit mittlerem K\u00f6rper<\/td><\/tr><tr><td>Jam\u00f3n Ib\u00e9rico, weitere Schinkenspezialit\u00e4ten<\/td><td>Fruchtiger Rioja Crianza<\/td><\/tr><tr><td>Chorizo, Alb\u00f3ndigas, Fleisch-Pinchos<\/td><td>Kr\u00e4ftigerer Rotwein aus Tempranillo oder Garnacha<\/td><\/tr><tr><td>Patatas Bravas, weitere \u00d6l- und Salz-Tapas<\/td><td>Rosado oder frischer Gr\u00fcner Veltliner<\/td><\/tr><\/tbody><\/table><\/figure>\n\n\n\n<p class=\"wp-block-paragraph\">Bei gemischten Tapas-Tellern, auf denen Fisch und Fleisch nebeneinander stehen, erweist sich ein Rosado mit sp\u00fcrbarer Frucht und dezenter S\u00e4ure als vielseitige Begleitung. Schlie\u00dflich bedient dieser Stil verschiedene Geschmacksnuancen gleicherma\u00dfen.<\/p>\n\n\n\n<h2 class=\"wp-block-heading\" id=\"crianza-oder-reserva-zu-tapas\">Crianza oder Reserva zu Tapas?<\/h2>\n\n\n\n<p class=\"wp-block-paragraph\">Eine Rioja Crianza passt zu Tapas meist stimmiger als eine Reserva.\u00a0<strong>Crianza reift k\u00fcrzer im Fass und in der Flasche, wodurch die Fruchtaromen dominanter bleiben<\/strong>\u00a0und der Wein die vielen kleinen Gerichte einer Tapas-Runde nicht \u00fcberlagert. Ein Reserva bringt durch die l\u00e4ngere Fassreife ausgepr\u00e4gtere Tannine und R\u00f6staromen mit, die neben zur\u00fcckhaltenden Tapas wie Oliven oder Manchego schnell in den Vordergrund treten. Zu kr\u00e4ftigen Fleisch-Tapas wie geschmortem Rindfleisch oder Chorizo kann eine Reserva jedoch die passendere Wahl sein, weil sein K\u00f6rper mit der Intensit\u00e4t des Gerichts mith\u00e4lt.<\/p>\n\n\n\n<h2 class=\"wp-block-heading\" id=\"spanischer-wein-zu-tapas-aus-unserem-sortiment\">Spanischer Wein zu Tapas im Sortiment von Ludwig von Kapff<\/h2>\n\n\n\n<p class=\"wp-block-paragraph\">Da Tapas ihren Ursprung in Spanien haben, liegt die Wahl eines spanischen Weins nahe. In unserem Sortiment an\u00a0<a href=\"https:\/\/www.ludwig-von-kapff.de\/wein-spanien.html\">spanischem Wein<\/a>\u00a0finden Sie Wei\u00df-, Ros\u00e9- und Rotweine aus den wichtigsten Anbaugebieten des Landes, etwa aus der Rioja, aus Rueda und aus R\u00edas Baixas.\u00a0<strong>Wenn Sie gezielt nach der Rebsorte suchen, die die fruchtigen Rioja-Rotweine pr\u00e4gt<\/strong>, lohnt sich ein Blick in unser Angebot an\u00a0<a href=\"https:\/\/www.ludwig-von-kapff.de\/tempranillo.html\">Tempranillo<\/a>. Diese Weine liefern die mittelkr\u00e4ftigen Rotweine, die zu Jam\u00f3n und Chorizo besonders stimmig passen. Bei der Auswahl unterst\u00fctzt Sie auch\u00a0<a href=\"https:\/\/www.ludwig-von-kapff.de\/ludwigs-weinberater\">Ludwigs Weinberater<\/a>, der Sie rund um die Uhr in wenigen Klicks zum passenden Wein f\u00fcr Ihre Tapas-Runde f\u00fchrt. Die Versandkosten betragen bei uns g\u00fcnstige 2,89 \u20ac. Und falls ein Wein nicht \u00fcberzeugt, nehmen wir ihn innerhalb von 30 Tagen zur\u00fcck.<\/p>\n\n\n\n<h2 class=\"wp-block-heading\" id=\"faq-haeufige-fragen-zu-wein-und-tapas\">FAQ: H\u00e4ufige Fragen zu Wein und Tapas<\/h2>\n\n\n\n<div class=\"schema-faq wp-block-yoast-faq-block\"><div class=\"schema-faq-section\" id=\"faq-question-1787750398760\"><strong class=\"schema-faq-question\">Welchen Wein trinkt man zu Tapas?<\/strong> <p class=\"schema-faq-answer\">Zu Tapas trinkt man je nach Gericht Wei\u00dfwein, Ros\u00e9 oder Rotwein: Meeresfr\u00fcchte- und Gem\u00fcse-Tapas passen zu Wei\u00dfwein oder Ros\u00e9, Schinken- und Fleisch-Tapas zu einem fruchtigen Rotwein wie einem Rioja Crianza.<\/p> <\/div> <div class=\"schema-faq-section\" id=\"faq-question-1787750408333\"><strong class=\"schema-faq-question\">Was passt zu Tapas?<\/strong> <p class=\"schema-faq-answer\">Zu Tapas passen unkomplizierte, fruchtbetonte Weine mit moderatem Alkoholgehalt, da sie die unterschiedlichen Geschmacksrichtungen einer Tapas-Runde nicht \u00fcberlagern. Spanische Wei\u00dfweine wie Albari\u00f1o und Verdejo sowie Rotweine aus Tempranillo z\u00e4hlen zu den klassischen Begleitern.<\/p> <\/div> <div class=\"schema-faq-section\" id=\"faq-question-1787750417881\"><strong class=\"schema-faq-question\">Was ist besser: Crianza oder Reserva?<\/strong> <p class=\"schema-faq-answer\">F\u00fcr Tapas eignet sich eine Crianza meist stimmiger, da der Wein fruchtiger und zug\u00e4nglicher ist als eine Reserva. Eine Reserva mit ausgepr\u00e4gteren Tanninen passt besser zu kr\u00e4ftigeren, fleischbetonten Gerichten.<\/p> <\/div> <\/div>\n","protected":false},"excerpt":{"rendered":"<p>Die Kurze Antwort:&nbsp;Zu Tapas passen sowohl Rotwein als auch Wei\u00dfwein \u2013 die Wahl&#8230;<\/p>\n","protected":false},"author":68,"featured_media":7525,"comment_status":"closed","ping_status":"open","sticky":false,"template":"","format":"standard","meta":{"_acf_changed":false,"footnotes":""},"categories":[13],"tags":[],"class_list":["post-7521","post","type-post","status-publish","format-standard","has-post-thumbnail","hentry","category-welcher-wein-passt-zu","wow","fadeIn"],"acf":[],"yoast_head":"<!-- This site is optimized with the Yoast SEO plugin v25.1 - https:\/\/yoast.com\/wordpress\/plugins\/seo\/ -->\n<title>Welcher Wein passt zu Tapas? | Ludwig von Kapff<\/title>\n<meta name=\"description\" content=\"Welcher Wein passt zu Jam\u00f3n, Meeresfr\u00fcchten, Oliven und mehr Tapas passt \u2013 mit Empfehlungen zu spanischem Wein von Ludwig von Kapff.\" \/>\n<meta name=\"robots\" content=\"index, follow, max-snippet:-1, max-image-preview:large, max-video-preview:-1\" \/>\n<link rel=\"canonical\" href=\"https:\/\/www.ludwig-von-kapff.de\/blog\/welcher-wein-passt-zu-tapas\" \/>\n<meta property=\"og:locale\" content=\"de_DE\" \/>\n<meta property=\"og:type\" content=\"article\" \/>\n<meta property=\"og:title\" content=\"Welcher Wein passt zu Tapas? | Ludwig von Kapff\" \/>\n<meta property=\"og:description\" content=\"Welcher Wein passt zu Jam\u00f3n, Meeresfr\u00fcchten, Oliven und mehr Tapas passt \u2013 mit Empfehlungen zu spanischem Wein von Ludwig von Kapff.\" \/>\n<meta property=\"og:url\" content=\"https:\/\/www.ludwig-von-kapff.de\/blog\/welcher-wein-passt-zu-tapas\" \/>\n<meta property=\"og:site_name\" content=\"Ludwigs Weinblog\" \/>\n<meta property=\"article:publisher\" content=\"https:\/\/de-de.facebook.com\/ludwigvonkapff\/\" \/>\n<meta property=\"article:published_time\" content=\"2026-08-26T13:52:23+00:00\" \/>\n<meta property=\"og:image\" content=\"https:\/\/www.ludwig-von-kapff.de\/blog\/wp-content\/uploads\/2026\/08\/tapas-kaeseplatte-rotwein-glaeser-schinken-brot.jpg\" \/>\n\t<meta property=\"og:image:width\" content=\"1200\" \/>\n\t<meta property=\"og:image:height\" content=\"801\" \/>\n\t<meta property=\"og:image:type\" content=\"image\/jpeg\" \/>\n<meta name=\"author\" content=\"Jascha de Bloom\" \/>\n<meta name=\"twitter:card\" content=\"summary_large_image\" \/>\n<meta name=\"twitter:creator\" content=\"@ludwigvonkapff\" \/>\n<meta name=\"twitter:site\" content=\"@ludwigvonkapff\" \/>\n<meta name=\"twitter:label1\" content=\"Verfasst von\" \/>\n\t<meta name=\"twitter:data1\" content=\"Jascha de Bloom\" \/>\n\t<meta name=\"twitter:label2\" content=\"Gesch\u00e4tzte Lesezeit\" \/>\n\t<meta name=\"twitter:data2\" content=\"5\u00a0Minuten\" \/>\n<script type=\"application\/ld+json\" class=\"yoast-schema-graph\">{\"@context\":\"https:\/\/schema.org\",\"@graph\":[{\"@type\":\"Article\",\"@id\":\"https:\/\/www.ludwig-von-kapff.de\/blog\/welcher-wein-passt-zu-tapas#article\",\"isPartOf\":{\"@id\":\"https:\/\/www.ludwig-von-kapff.de\/blog\/welcher-wein-passt-zu-tapas\"},\"author\":{\"name\":\"Jascha de Bloom\",\"@id\":\"https:\/\/www.ludwig-von-kapff.de\/blog\/#\/schema\/person\/7117d9394e0cbf5ca5d31654d6955282\"},\"headline\":\"Welcher Wein passt zu Tapas?\",\"datePublished\":\"2026-08-26T13:52:23+00:00\",\"mainEntityOfPage\":{\"@id\":\"https:\/\/www.ludwig-von-kapff.de\/blog\/welcher-wein-passt-zu-tapas\"},\"wordCount\":748,\"publisher\":{\"@id\":\"https:\/\/www.ludwig-von-kapff.de\/blog\/#organization\"},\"image\":{\"@id\":\"https:\/\/www.ludwig-von-kapff.de\/blog\/welcher-wein-passt-zu-tapas#primaryimage\"},\"thumbnailUrl\":\"https:\/\/www.ludwig-von-kapff.de\/blog\/wp-content\/uploads\/2026\/08\/tapas-kaeseplatte-rotwein-glaeser-schinken-brot.jpg\",\"articleSection\":[\"Welcher Wein passt zu\u2026\"],\"inLanguage\":\"de\"},{\"@type\":[\"WebPage\",\"FAQPage\"],\"@id\":\"https:\/\/www.ludwig-von-kapff.de\/blog\/welcher-wein-passt-zu-tapas\",\"url\":\"https:\/\/www.ludwig-von-kapff.de\/blog\/welcher-wein-passt-zu-tapas\",\"name\":\"Welcher Wein passt zu Tapas? | Ludwig von Kapff\",\"isPartOf\":{\"@id\":\"https:\/\/www.ludwig-von-kapff.de\/blog\/#website\"},\"primaryImageOfPage\":{\"@id\":\"https:\/\/www.ludwig-von-kapff.de\/blog\/welcher-wein-passt-zu-tapas#primaryimage\"},\"image\":{\"@id\":\"https:\/\/www.ludwig-von-kapff.de\/blog\/welcher-wein-passt-zu-tapas#primaryimage\"},\"thumbnailUrl\":\"https:\/\/www.ludwig-von-kapff.de\/blog\/wp-content\/uploads\/2026\/08\/tapas-kaeseplatte-rotwein-glaeser-schinken-brot.jpg\",\"datePublished\":\"2026-08-26T13:52:23+00:00\",\"description\":\"Welcher Wein passt zu Jam\u00f3n, Meeresfr\u00fcchten, Oliven und mehr Tapas passt \u2013 mit Empfehlungen zu spanischem Wein von Ludwig von Kapff.\",\"mainEntity\":[{\"@id\":\"https:\/\/www.ludwig-von-kapff.de\/blog\/welcher-wein-passt-zu-tapas#faq-question-1787750398760\"},{\"@id\":\"https:\/\/www.ludwig-von-kapff.de\/blog\/welcher-wein-passt-zu-tapas#faq-question-1787750408333\"},{\"@id\":\"https:\/\/www.ludwig-von-kapff.de\/blog\/welcher-wein-passt-zu-tapas#faq-question-1787750417881\"}],\"inLanguage\":\"de\",\"potentialAction\":[{\"@type\":\"ReadAction\",\"target\":[\"https:\/\/www.ludwig-von-kapff.de\/blog\/welcher-wein-passt-zu-tapas\"]}]},{\"@type\":\"ImageObject\",\"inLanguage\":\"de\",\"@id\":\"https:\/\/www.ludwig-von-kapff.de\/blog\/welcher-wein-passt-zu-tapas#primaryimage\",\"url\":\"https:\/\/www.ludwig-von-kapff.de\/blog\/wp-content\/uploads\/2026\/08\/tapas-kaeseplatte-rotwein-glaeser-schinken-brot.jpg\",\"contentUrl\":\"https:\/\/www.ludwig-von-kapff.de\/blog\/wp-content\/uploads\/2026\/08\/tapas-kaeseplatte-rotwein-glaeser-schinken-brot.jpg\",\"width\":1200,\"height\":801,\"caption\":\"Diverse Tapas, darunter K\u00e4seplatte, Schinken und Brot, mit zwei Gl\u00e4sern Rotwein.\"},{\"@type\":\"WebSite\",\"@id\":\"https:\/\/www.ludwig-von-kapff.de\/blog\/#website\",\"url\":\"https:\/\/www.ludwig-von-kapff.de\/blog\/\",\"name\":\"Ludwigs Weinblog\",\"description\":\"Alles rund um die Themen Wein und Genuss.\",\"publisher\":{\"@id\":\"https:\/\/www.ludwig-von-kapff.de\/blog\/#organization\"},\"potentialAction\":[{\"@type\":\"SearchAction\",\"target\":{\"@type\":\"EntryPoint\",\"urlTemplate\":\"https:\/\/www.ludwig-von-kapff.de\/blog\/?s={search_term_string}\"},\"query-input\":{\"@type\":\"PropertyValueSpecification\",\"valueRequired\":true,\"valueName\":\"search_term_string\"}}],\"inLanguage\":\"de\"},{\"@type\":\"Organization\",\"@id\":\"https:\/\/www.ludwig-von-kapff.de\/blog\/#organization\",\"name\":\"Ludwigs Weinblog\",\"url\":\"https:\/\/www.ludwig-von-kapff.de\/blog\/\",\"logo\":{\"@type\":\"ImageObject\",\"inLanguage\":\"de\",\"@id\":\"https:\/\/www.ludwig-von-kapff.de\/blog\/#\/schema\/logo\/image\/\",\"url\":\"https:\/\/www.ludwig-von-kapff.de\/blog\/wp-content\/uploads\/2023\/01\/cropped-lvk_weinblog_logo-linksbuendig.png\",\"contentUrl\":\"https:\/\/www.ludwig-von-kapff.de\/blog\/wp-content\/uploads\/2023\/01\/cropped-lvk_weinblog_logo-linksbuendig.png\",\"width\":496,\"height\":100,\"caption\":\"Ludwigs Weinblog\"},\"image\":{\"@id\":\"https:\/\/www.ludwig-von-kapff.de\/blog\/#\/schema\/logo\/image\/\"},\"sameAs\":[\"https:\/\/de-de.facebook.com\/ludwigvonkapff\/\",\"https:\/\/x.com\/ludwigvonkapff\",\"https:\/\/www.instagram.com\/ludwigvonkapff\/\",\"https:\/\/www.pinterest.de\/ludwigvonkapff\/\"]},{\"@type\":\"Person\",\"@id\":\"https:\/\/www.ludwig-von-kapff.de\/blog\/#\/schema\/person\/7117d9394e0cbf5ca5d31654d6955282\",\"name\":\"Jascha de Bloom\",\"image\":{\"@type\":\"ImageObject\",\"inLanguage\":\"de\",\"@id\":\"https:\/\/www.ludwig-von-kapff.de\/blog\/#\/schema\/person\/image\/\",\"url\":\"https:\/\/www.ludwig-von-kapff.de\/blog\/wp-content\/uploads\/2026\/07\/portrait-jascha-de-bloom.jpg\",\"contentUrl\":\"https:\/\/www.ludwig-von-kapff.de\/blog\/wp-content\/uploads\/2026\/07\/portrait-jascha-de-bloom.jpg\",\"caption\":\"Jascha de Bloom\"},\"url\":\"https:\/\/www.ludwig-von-kapff.de\/blog\/author\/jascha\"},{\"@type\":\"Question\",\"@id\":\"https:\/\/www.ludwig-von-kapff.de\/blog\/welcher-wein-passt-zu-tapas#faq-question-1787750398760\",\"position\":1,\"url\":\"https:\/\/www.ludwig-von-kapff.de\/blog\/welcher-wein-passt-zu-tapas#faq-question-1787750398760\",\"name\":\"Welchen Wein trinkt man zu Tapas?\",\"answerCount\":1,\"acceptedAnswer\":{\"@type\":\"Answer\",\"text\":\"Zu Tapas trinkt man je nach Gericht Wei\u00dfwein, Ros\u00e9 oder Rotwein: Meeresfr\u00fcchte- und Gem\u00fcse-Tapas passen zu Wei\u00dfwein oder Ros\u00e9, Schinken- und Fleisch-Tapas zu einem fruchtigen Rotwein wie einem Rioja Crianza.\",\"inLanguage\":\"de\"},\"inLanguage\":\"de\"},{\"@type\":\"Question\",\"@id\":\"https:\/\/www.ludwig-von-kapff.de\/blog\/welcher-wein-passt-zu-tapas#faq-question-1787750408333\",\"position\":2,\"url\":\"https:\/\/www.ludwig-von-kapff.de\/blog\/welcher-wein-passt-zu-tapas#faq-question-1787750408333\",\"name\":\"Was passt zu Tapas?\",\"answerCount\":1,\"acceptedAnswer\":{\"@type\":\"Answer\",\"text\":\"Zu Tapas passen unkomplizierte, fruchtbetonte Weine mit moderatem Alkoholgehalt, da sie die unterschiedlichen Geschmacksrichtungen einer Tapas-Runde nicht \u00fcberlagern. Spanische Wei\u00dfweine wie Albari\u00f1o und Verdejo sowie Rotweine aus Tempranillo z\u00e4hlen zu den klassischen Begleitern.\",\"inLanguage\":\"de\"},\"inLanguage\":\"de\"},{\"@type\":\"Question\",\"@id\":\"https:\/\/www.ludwig-von-kapff.de\/blog\/welcher-wein-passt-zu-tapas#faq-question-1787750417881\",\"position\":3,\"url\":\"https:\/\/www.ludwig-von-kapff.de\/blog\/welcher-wein-passt-zu-tapas#faq-question-1787750417881\",\"name\":\"Was ist besser: Crianza oder Reserva?\",\"answerCount\":1,\"acceptedAnswer\":{\"@type\":\"Answer\",\"text\":\"F\u00fcr Tapas eignet sich eine Crianza meist stimmiger, da der Wein fruchtiger und zug\u00e4nglicher ist als eine Reserva. Eine Reserva mit ausgepr\u00e4gteren Tanninen passt besser zu kr\u00e4ftigeren, fleischbetonten Gerichten.\",\"inLanguage\":\"de\"},\"inLanguage\":\"de\"}]}<\/script>\n<!-- \/ Yoast SEO plugin. -->","yoast_head_json":{"title":"Welcher Wein passt zu Tapas? | Ludwig von Kapff","description":"Welcher Wein passt zu Jam\u00f3n, Meeresfr\u00fcchten, Oliven und mehr Tapas passt \u2013 mit Empfehlungen zu spanischem Wein von Ludwig von Kapff.","robots":{"index":"index","follow":"follow","max-snippet":"max-snippet:-1","max-image-preview":"max-image-preview:large","max-video-preview":"max-video-preview:-1"},"canonical":"https:\/\/www.ludwig-von-kapff.de\/blog\/welcher-wein-passt-zu-tapas","og_locale":"de_DE","og_type":"article","og_title":"Welcher Wein passt zu Tapas? | Ludwig von Kapff","og_description":"Welcher Wein passt zu Jam\u00f3n, Meeresfr\u00fcchten, Oliven und mehr Tapas passt \u2013 mit Empfehlungen zu spanischem Wein von Ludwig von Kapff.","og_url":"https:\/\/www.ludwig-von-kapff.de\/blog\/welcher-wein-passt-zu-tapas","og_site_name":"Ludwigs Weinblog","article_publisher":"https:\/\/de-de.facebook.com\/ludwigvonkapff\/","article_published_time":"2026-08-26T13:52:23+00:00","og_image":[{"width":1200,"height":801,"url":"https:\/\/www.ludwig-von-kapff.de\/blog\/wp-content\/uploads\/2026\/08\/tapas-kaeseplatte-rotwein-glaeser-schinken-brot.jpg","type":"image\/jpeg"}],"author":"Jascha de Bloom","twitter_card":"summary_large_image","twitter_creator":"@ludwigvonkapff","twitter_site":"@ludwigvonkapff","twitter_misc":{"Verfasst von":"Jascha de Bloom","Gesch\u00e4tzte Lesezeit":"5\u00a0Minuten"},"schema":{"@context":"https:\/\/schema.org","@graph":[{"@type":"Article","@id":"https:\/\/www.ludwig-von-kapff.de\/blog\/welcher-wein-passt-zu-tapas#article","isPartOf":{"@id":"https:\/\/www.ludwig-von-kapff.de\/blog\/welcher-wein-passt-zu-tapas"},"author":{"name":"Jascha de Bloom","@id":"https:\/\/www.ludwig-von-kapff.de\/blog\/#\/schema\/person\/7117d9394e0cbf5ca5d31654d6955282"},"headline":"Welcher Wein passt zu Tapas?","datePublished":"2026-08-26T13:52:23+00:00","mainEntityOfPage":{"@id":"https:\/\/www.ludwig-von-kapff.de\/blog\/welcher-wein-passt-zu-tapas"},"wordCount":748,"publisher":{"@id":"https:\/\/www.ludwig-von-kapff.de\/blog\/#organization"},"image":{"@id":"https:\/\/www.ludwig-von-kapff.de\/blog\/welcher-wein-passt-zu-tapas#primaryimage"},"thumbnailUrl":"https:\/\/www.ludwig-von-kapff.de\/blog\/wp-content\/uploads\/2026\/08\/tapas-kaeseplatte-rotwein-glaeser-schinken-brot.jpg","articleSection":["Welcher Wein passt zu\u2026"],"inLanguage":"de"},{"@type":["WebPage","FAQPage"],"@id":"https:\/\/www.ludwig-von-kapff.de\/blog\/welcher-wein-passt-zu-tapas","url":"https:\/\/www.ludwig-von-kapff.de\/blog\/welcher-wein-passt-zu-tapas","name":"Welcher Wein passt zu Tapas? | Ludwig von Kapff","isPartOf":{"@id":"https:\/\/www.ludwig-von-kapff.de\/blog\/#website"},"primaryImageOfPage":{"@id":"https:\/\/www.ludwig-von-kapff.de\/blog\/welcher-wein-passt-zu-tapas#primaryimage"},"image":{"@id":"https:\/\/www.ludwig-von-kapff.de\/blog\/welcher-wein-passt-zu-tapas#primaryimage"},"thumbnailUrl":"https:\/\/www.ludwig-von-kapff.de\/blog\/wp-content\/uploads\/2026\/08\/tapas-kaeseplatte-rotwein-glaeser-schinken-brot.jpg","datePublished":"2026-08-26T13:52:23+00:00","description":"Welcher Wein passt zu Jam\u00f3n, Meeresfr\u00fcchten, Oliven und mehr Tapas passt \u2013 mit Empfehlungen zu spanischem Wein von Ludwig von Kapff.","mainEntity":[{"@id":"https:\/\/www.ludwig-von-kapff.de\/blog\/welcher-wein-passt-zu-tapas#faq-question-1787750398760"},{"@id":"https:\/\/www.ludwig-von-kapff.de\/blog\/welcher-wein-passt-zu-tapas#faq-question-1787750408333"},{"@id":"https:\/\/www.ludwig-von-kapff.de\/blog\/welcher-wein-passt-zu-tapas#faq-question-1787750417881"}],"inLanguage":"de","potentialAction":[{"@type":"ReadAction","target":["https:\/\/www.ludwig-von-kapff.de\/blog\/welcher-wein-passt-zu-tapas"]}]},{"@type":"ImageObject","inLanguage":"de","@id":"https:\/\/www.ludwig-von-kapff.de\/blog\/welcher-wein-passt-zu-tapas#primaryimage","url":"https:\/\/www.ludwig-von-kapff.de\/blog\/wp-content\/uploads\/2026\/08\/tapas-kaeseplatte-rotwein-glaeser-schinken-brot.jpg","contentUrl":"https:\/\/www.ludwig-von-kapff.de\/blog\/wp-content\/uploads\/2026\/08\/tapas-kaeseplatte-rotwein-glaeser-schinken-brot.jpg","width":1200,"height":801,"caption":"Diverse Tapas, darunter K\u00e4seplatte, Schinken und Brot, mit zwei Gl\u00e4sern Rotwein."},{"@type":"WebSite","@id":"https:\/\/www.ludwig-von-kapff.de\/blog\/#website","url":"https:\/\/www.ludwig-von-kapff.de\/blog\/","name":"Ludwigs Weinblog","description":"Alles rund um die Themen Wein und Genuss.","publisher":{"@id":"https:\/\/www.ludwig-von-kapff.de\/blog\/#organization"},"potentialAction":[{"@type":"SearchAction","target":{"@type":"EntryPoint","urlTemplate":"https:\/\/www.ludwig-von-kapff.de\/blog\/?s={search_term_string}"},"query-input":{"@type":"PropertyValueSpecification","valueRequired":true,"valueName":"search_term_string"}}],"inLanguage":"de"},{"@type":"Organization","@id":"https:\/\/www.ludwig-von-kapff.de\/blog\/#organization","name":"Ludwigs Weinblog","url":"https:\/\/www.ludwig-von-kapff.de\/blog\/","logo":{"@type":"ImageObject","inLanguage":"de","@id":"https:\/\/www.ludwig-von-kapff.de\/blog\/#\/schema\/logo\/image\/","url":"https:\/\/www.ludwig-von-kapff.de\/blog\/wp-content\/uploads\/2023\/01\/cropped-lvk_weinblog_logo-linksbuendig.png","contentUrl":"https:\/\/www.ludwig-von-kapff.de\/blog\/wp-content\/uploads\/2023\/01\/cropped-lvk_weinblog_logo-linksbuendig.png","width":496,"height":100,"caption":"Ludwigs Weinblog"},"image":{"@id":"https:\/\/www.ludwig-von-kapff.de\/blog\/#\/schema\/logo\/image\/"},"sameAs":["https:\/\/de-de.facebook.com\/ludwigvonkapff\/","https:\/\/x.com\/ludwigvonkapff","https:\/\/www.instagram.com\/ludwigvonkapff\/","https:\/\/www.pinterest.de\/ludwigvonkapff\/"]},{"@type":"Person","@id":"https:\/\/www.ludwig-von-kapff.de\/blog\/#\/schema\/person\/7117d9394e0cbf5ca5d31654d6955282","name":"Jascha de Bloom","image":{"@type":"ImageObject","inLanguage":"de","@id":"https:\/\/www.ludwig-von-kapff.de\/blog\/#\/schema\/person\/image\/","url":"https:\/\/www.ludwig-von-kapff.de\/blog\/wp-content\/uploads\/2026\/07\/portrait-jascha-de-bloom.jpg","contentUrl":"https:\/\/www.ludwig-von-kapff.de\/blog\/wp-content\/uploads\/2026\/07\/portrait-jascha-de-bloom.jpg","caption":"Jascha de Bloom"},"url":"https:\/\/www.ludwig-von-kapff.de\/blog\/author\/jascha"},{"@type":"Question","@id":"https:\/\/www.ludwig-von-kapff.de\/blog\/welcher-wein-passt-zu-tapas#faq-question-1787750398760","position":1,"url":"https:\/\/www.ludwig-von-kapff.de\/blog\/welcher-wein-passt-zu-tapas#faq-question-1787750398760","name":"Welchen Wein trinkt man zu Tapas?","answerCount":1,"acceptedAnswer":{"@type":"Answer","text":"Zu Tapas trinkt man je nach Gericht Wei\u00dfwein, Ros\u00e9 oder Rotwein: Meeresfr\u00fcchte- und Gem\u00fcse-Tapas passen zu Wei\u00dfwein oder Ros\u00e9, Schinken- und Fleisch-Tapas zu einem fruchtigen Rotwein wie einem Rioja Crianza.","inLanguage":"de"},"inLanguage":"de"},{"@type":"Question","@id":"https:\/\/www.ludwig-von-kapff.de\/blog\/welcher-wein-passt-zu-tapas#faq-question-1787750408333","position":2,"url":"https:\/\/www.ludwig-von-kapff.de\/blog\/welcher-wein-passt-zu-tapas#faq-question-1787750408333","name":"Was passt zu Tapas?","answerCount":1,"acceptedAnswer":{"@type":"Answer","text":"Zu Tapas passen unkomplizierte, fruchtbetonte Weine mit moderatem Alkoholgehalt, da sie die unterschiedlichen Geschmacksrichtungen einer Tapas-Runde nicht \u00fcberlagern. Spanische Wei\u00dfweine wie Albari\u00f1o und Verdejo sowie Rotweine aus Tempranillo z\u00e4hlen zu den klassischen Begleitern.","inLanguage":"de"},"inLanguage":"de"},{"@type":"Question","@id":"https:\/\/www.ludwig-von-kapff.de\/blog\/welcher-wein-passt-zu-tapas#faq-question-1787750417881","position":3,"url":"https:\/\/www.ludwig-von-kapff.de\/blog\/welcher-wein-passt-zu-tapas#faq-question-1787750417881","name":"Was ist besser: Crianza oder Reserva?","answerCount":1,"acceptedAnswer":{"@type":"Answer","text":"F\u00fcr Tapas eignet sich eine Crianza meist stimmiger, da der Wein fruchtiger und zug\u00e4nglicher ist als eine Reserva. Eine Reserva mit ausgepr\u00e4gteren Tanninen passt besser zu kr\u00e4ftigeren, fleischbetonten Gerichten.","inLanguage":"de"},"inLanguage":"de"}]}},"jetpack_featured_media_url":"https:\/\/www.ludwig-von-kapff.de\/blog\/wp-content\/uploads\/2026\/08\/tapas-kaeseplatte-rotwein-glaeser-schinken-brot.jpg","_links":{"self":[{"href":"https:\/\/www.ludwig-von-kapff.de\/blog\/wp-json\/wp\/v2\/posts\/7521","targetHints":{"allow":["GET"]}}],"collection":[{"href":"https:\/\/www.ludwig-von-kapff.de\/blog\/wp-json\/wp\/v2\/posts"}],"about":[{"href":"https:\/\/www.ludwig-von-kapff.de\/blog\/wp-json\/wp\/v2\/types\/post"}],"author":[{"embeddable":true,"href":"https:\/\/www.ludwig-von-kapff.de\/blog\/wp-json\/wp\/v2\/users\/68"}],"replies":[{"embeddable":true,"href":"https:\/\/www.ludwig-von-kapff.de\/blog\/wp-json\/wp\/v2\/comments?post=7521"}],"version-history":[{"count":3,"href":"https:\/\/www.ludwig-von-kapff.de\/blog\/wp-json\/wp\/v2\/posts\/7521\/revisions"}],"predecessor-version":[{"id":7526,"href":"https:\/\/www.ludwig-von-kapff.de\/blog\/wp-json\/wp\/v2\/posts\/7521\/revisions\/7526"}],"wp:featuredmedia":[{"embeddable":true,"href":"https:\/\/www.ludwig-von-kapff.de\/blog\/wp-json\/wp\/v2\/media\/7525"}],"wp:attachment":[{"href":"https:\/\/www.ludwig-von-kapff.de\/blog\/wp-json\/wp\/v2\/media?parent=7521"}],"wp:term":[{"taxonomy":"category","embeddable":true,"href":"https:\/\/www.ludwig-von-kapff.de\/blog\/wp-json\/wp\/v2\/categories?post=7521"},{"taxonomy":"post_tag","embeddable":true,"href":"https:\/\/www.ludwig-von-kapff.de\/blog\/wp-json\/wp\/v2\/tags?post=7521"}],"curies":[{"name":"wp","href":"https:\/\/api.w.org\/{rel}","templated":true}]}}