{"id":7527,"date":"2026-08-27T08:23:58","date_gmt":"2026-08-27T08:23:58","guid":{"rendered":"https:\/\/www.ludwig-von-kapff.de\/blog\/?p=7527"},"modified":"2026-08-27T08:24:00","modified_gmt":"2026-08-27T08:24:00","slug":"was-ist-ein-cuvee-wein","status":"publish","type":"post","link":"https:\/\/www.ludwig-von-kapff.de\/blog\/was-ist-ein-cuvee-wein","title":{"rendered":"Was ist ein Cuv\u00e9e-Wein?"},"content":{"rendered":"\n<p class=\"wp-block-paragraph\"><strong>Die kurze Antwort:<\/strong>\u00a0Eine Cuv\u00e9e ist ein Wein, den der Winzer bewusst aus mehreren Rebsorten, Lagen oder Jahrg\u00e4ngen zusammenstellt. Der Begriff stammt vom franz\u00f6sischen \u00bbcuve\u00ab (G\u00e4rbeh\u00e4lter) und entspricht im Deutschen dem Wort Verschnitt.\u00a0<strong>Eine Cuv\u00e9e ist kein Zeichen f\u00fcr minderwertige Trauben, sondern eine gezielte Winzerentscheidung<\/strong>, mit der sich Schw\u00e4chen einzelner Rebsorten ausgleichen, Aromen harmonisieren und ein vielschichtigeres Geschmacksprofil erzeugen lassen. Weltber\u00fchmte Weine wie Bordeaux (meist Cabernet Sauvignon und Merlot) oder Champagner (h\u00e4ufig Chardonnay, Pinot Noir und Pinot Meunier) sind klassische Cuv\u00e9es und z\u00e4hlen zu den angesehensten Gew\u00e4chsen \u00fcberhaupt.<\/p>\n\n\n\n<ol class=\"wp-block-list\">\n<li><a href=\"#was-bedeutet-der-begriff-cuvee\">Was bedeutet der Begriff Cuv\u00e9e?<\/a><\/li>\n\n\n\n<li><a href=\"#warum-winzer-cuvees-komponieren\">Warum Winzer Cuv\u00e9es komponieren<\/a><\/li>\n\n\n\n<li><a href=\"#ist-ein-cuvee-wein-minderwertig\">Ist ein Cuv\u00e9e-Wein minderwertig?<\/a><\/li>\n\n\n\n<li><a href=\"#bekannte-cuvees-bordeaux-champagner-und-andere-klassiker\">Bekannte Cuv\u00e9es: Bordeaux, Champagner und andere Klassiker<\/a><\/li>\n\n\n\n<li><a href=\"#cuvees-im-sortiment-von-ludwig-von-kapff\">Cuv\u00e9es im Sortiment von Ludwig von Kapff<\/a><\/li>\n\n\n\n<li><a href=\"#faq-haeufige-fragen-zu-cuvee-wein\">FAQ: H\u00e4ufige Fragen zu Cuv\u00e9e-Wein<\/a><\/li>\n<\/ol>\n\n\n\n<h2 class=\"wp-block-heading\" id=\"was-bedeutet-der-begriff-cuvee\">Was bedeutet der Begriff Cuv\u00e9e?<\/h2>\n\n\n\n<p class=\"wp-block-paragraph\">Der Begriff Cuv\u00e9e stammt aus dem Franz\u00f6sischen und leitet sich von \u00bbcuve\u00ab ab, dem Bottich oder G\u00e4rbeh\u00e4lter, in dem der Winzer einzelne Weine zusammenf\u00fchrt.\u00a0<strong>Im Deutschen entspricht der Begriff dem Wort Verschnitt<\/strong>. Beide Bezeichnungen meinen denselben Vorgang: Der Winzer kombiniert Weine aus unterschiedlichen Rebsorten, Lagen oder Jahrg\u00e4ngen zu einem neuen, eigenst\u00e4ndigen Wein.<\/p>\n\n\n\n<p class=\"wp-block-paragraph\">Diese Komposition unterscheidet sich vom reinsortigen Wein, den der Winzer ausschlie\u00dflich aus einer einzigen Rebsorte keltert, etwa einem reinen Riesling oder reinen Merlot.&nbsp;<strong>Eine Cuv\u00e9e entsteht dagegen als bewusste Entscheidung<\/strong>, mehrere Komponenten so zusammenzuf\u00fchren, dass sie sich gegenseitig erg\u00e4nzen.<\/p>\n\n\n\n<h2 class=\"wp-block-heading\" id=\"warum-winzer-cuvees-komponieren\">Warum Winzer Cuv\u00e9es komponieren<\/h2>\n\n\n\n<p class=\"wp-block-paragraph\">Wenn Winzer mehrere Rebsorten, Lagen oder Jahrg\u00e4nge mischen, verfolgen sie in der Regel vier zentrale Ziele:<\/p>\n\n\n\n<ul class=\"wp-block-list\">\n<li><strong>Ausgleich:<\/strong>\u00a0Die Schw\u00e4chen einer Rebsorte gleicht eine zweite Sorte aus \u2013 liefert etwa eine Sorte viel S\u00e4ure, steuert eine andere mehr Fruchtf\u00fclle oder Tannin bei.<\/li>\n\n\n\n<li><strong>Harmonie:<\/strong>\u00a0Aromen, S\u00e4ure und Farbe stimmt der Winzer so aufeinander ab, dass der fertige Wein runder wirkt als jede Einzelkomponente allein.<\/li>\n\n\n\n<li><strong>Vielschichtigkeit:<\/strong>\u00a0Mehrere Rebsorten erzeugen ein facettenreicheres Geschmacksprofil, als es ein reinsortiger Wein bieten kann.<\/li>\n\n\n\n<li><strong>Konstanz:<\/strong>\u00a0\u00dcber mehrere Jahrg\u00e4nge hinweg gleicht der Winzer Wetterschwankungen aus, sodass sein Wein Jahr f\u00fcr Jahr denselben charakteristischen Stil zeigt.<\/li>\n<\/ul>\n\n\n\n<p class=\"wp-block-paragraph\">Diese Abstimmung verlangt Erfahrung und ein feines Geschmacksged\u00e4chtnis, denn jede Komponente ver\u00e4ndert sich mit jedem neuen Jahrgang.&nbsp;<strong>Der Winzer probiert die einzelnen Grundweine oft \u00fcber Wochen<\/strong>, bevor er die endg\u00fcltige Mischung festlegt.<\/p>\n\n\n\n<h2 class=\"wp-block-heading\" id=\"ist-ein-cuvee-wein-minderwertig\">Ist ein Cuv\u00e9e-Wein minderwertig?<\/h2>\n\n\n\n<p class=\"wp-block-paragraph\"><strong>Nein. Eine Cuv\u00e9e ist kein Qualit\u00e4tsmangel, sondern eine bewusste Winzerentscheidung.<\/strong>\u00a0Die Vorstellung, ein Verschnitt verschleiere schw\u00e4chere Trauben, h\u00e4lt sich hartn\u00e4ckig, entspricht aber nicht der Praxis in den angesehensten Weinregionen der Welt.<\/p>\n\n\n\n<p class=\"wp-block-paragraph\">Viele der bedeutendsten Weine \u00fcberhaupt sind Cuv\u00e9es: Nahezu jeder klassische Bordeaux vereint Cabernet Sauvignon mit Merlot, und Champagner setzt sich traditionell aus Chardonnay, Pinot Noir und Pinot Meunier zusammen.&nbsp;<strong>Der Winzer trifft die Entscheidung f\u00fcr eine Cuv\u00e9e aus \u00dcberzeugung<\/strong>, nicht aus Mangel an Alternativen. Reinsortige Spitzenweine existieren ebenso wie hervorragende Cuv\u00e9es \u2013 beide Stile haben ihren festen Platz unter den besten Gew\u00e4chsen.<\/p>\n\n\n\n<figure class=\"wp-block-image size-large\"><img loading=\"lazy\" decoding=\"async\" width=\"1024\" height=\"691\" src=\"https:\/\/www.ludwig-von-kapff.de\/blog\/wp-content\/uploads\/2026\/08\/charles-heidsieck-champagner-flaschen-brut-reserve-1024x691.jpg\" alt=\"Champagner-Flaschen von Charles Heidsieck.\" class=\"wp-image-7529\" srcset=\"https:\/\/www.ludwig-von-kapff.de\/blog\/wp-content\/uploads\/2026\/08\/charles-heidsieck-champagner-flaschen-brut-reserve-1024x691.jpg 1024w, https:\/\/www.ludwig-von-kapff.de\/blog\/wp-content\/uploads\/2026\/08\/charles-heidsieck-champagner-flaschen-brut-reserve-300x203.jpg 300w, https:\/\/www.ludwig-von-kapff.de\/blog\/wp-content\/uploads\/2026\/08\/charles-heidsieck-champagner-flaschen-brut-reserve-768x518.jpg 768w, https:\/\/www.ludwig-von-kapff.de\/blog\/wp-content\/uploads\/2026\/08\/charles-heidsieck-champagner-flaschen-brut-reserve-148x100.jpg 148w, https:\/\/www.ludwig-von-kapff.de\/blog\/wp-content\/uploads\/2026\/08\/charles-heidsieck-champagner-flaschen-brut-reserve.jpg 1200w\" sizes=\"auto, (max-width: 1024px) 100vw, 1024px\" \/><\/figure>\n\n\n\n<h2 class=\"wp-block-heading\" id=\"bekannte-cuvees-bordeaux-champagner-und-andere-klassiker\">Bekannte Cuv\u00e9es: Bordeaux, Champagner und andere Klassiker<\/h2>\n\n\n\n<p class=\"wp-block-paragraph\">Einige der bekanntesten Weinstile der Welt sind ohne Cuv\u00e9e nicht denkbar. Die folgende \u00dcbersicht zeigt, welche Rebsorten typischerweise in etablierten Cuv\u00e9e-Stilen zusammenkommen.<\/p>\n\n\n\n<figure class=\"wp-block-table\"><table class=\"has-fixed-layout\"><thead><tr><th>Region \/ Stil<\/th><th>Typische Rebsorten in der Cuv\u00e9e<\/th><\/tr><\/thead><tbody><tr><td>Bordeaux (Rotwein)<\/td><td>Cabernet Sauvignon, Merlot, Cabernet Franc<\/td><\/tr><tr><td>Champagner<\/td><td>Chardonnay, Pinot Noir, Pinot Meunier<\/td><\/tr><tr><td>Rioja<\/td><td>Tempranillo, Garnacha<\/td><\/tr><tr><td>Ch\u00e2teauneuf-du-Pape<\/td><td>Grenache, Syrah, Mourv\u00e8dre<\/td><\/tr><\/tbody><\/table><\/figure>\n\n\n\n<p class=\"wp-block-paragraph\"><strong>Auch au\u00dferhalb dieser Klassiker setzen Winzer weltweit auf Cuv\u00e9es<\/strong>, etwa in Australien, S\u00fcdafrika oder Kalifornien, wo Cabernet-Sauvignon-Merlot-Verschnitte nach Bordeaux-Vorbild entstehen. Champagner zeigt zus\u00e4tzlich, wie eine Cuv\u00e9e auch Jahrg\u00e4nge verbinden kann: Bei vielen H\u00e4usern flie\u00dfen Reserveweine aus fr\u00fcheren Jahren in die aktuelle Assemblage ein, um den charakteristischen Hausstil Jahr f\u00fcr Jahr zu bewahren.<\/p>\n\n\n\n<h2 class=\"wp-block-heading\" id=\"cuvees-im-sortiment-von-ludwig-von-kapff\">Cuv\u00e9es im Sortiment von Ludwig von Kapff<\/h2>\n\n\n\n<p class=\"wp-block-paragraph\">Wenn Sie die Vielschichtigkeit eines sorgf\u00e4ltig komponierten Weins entdecken m\u00f6chten, finden Sie in unserer Auswahl an\u00a0<a href=\"https:\/\/www.ludwig-von-kapff.de\/cuvee.html\">Cuv\u00e9es<\/a>\u00a0Gew\u00e4chse aus renommierten Anbaugebieten. Wie einzelne Grundweine \u00fcberhaupt entstehen, bevor sie zur Cuv\u00e9e zusammenfinden, erl\u00e4utert unser Ratgeber\u00a0<a href=\"https:\/\/www.ludwig-von-kapff.de\/blog\/wie-wird-wein-hergestellt\">Wie wird Wein hergestellt?<\/a> Auch unser Sortiment an\u00a0<a href=\"https:\/\/www.ludwig-von-kapff.de\/champagner.html\">Champagner<\/a>\u00a0h\u00e4lt zahlreiche klassisch komponierte Assemblagen bereit.<\/p>\n\n\n\n<p class=\"wp-block-paragraph\"><strong>Bei der Auswahl der passenden Cuv\u00e9e unterst\u00fctzt Sie au\u00dferdem<\/strong> <a href=\"https:\/\/www.ludwig-von-kapff.de\/ludwigs-weinberater\">Ludwigs Weinberater<\/a>. Sollte ein Wein dennoch nicht Ihren Erwartungen entsprechen, greift die 30-t\u00e4gige R\u00fcckgabem\u00f6glichkeit bei Nichtgefallen. F\u00fcr Ihre Bestellung zahlen Sie bei uns g\u00fcnstige 2,89 \u20ac Versandkosten.<\/p>\n\n\n\n<h2 class=\"wp-block-heading\" id=\"faq-haeufige-fragen-zu-cuvee-wein\">FAQ: H\u00e4ufige Fragen zu Cuv\u00e9e-Wein<\/h2>\n\n\n\n<div class=\"schema-faq wp-block-yoast-faq-block\"><div class=\"schema-faq-section\" id=\"faq-question-1787818016189\"><strong class=\"schema-faq-question\">Was hei\u00dft Cuv\u00e9e auf Deutsch?<\/strong> <p class=\"schema-faq-answer\">Cuv\u00e9e entspricht im Deutschen dem Begriff Verschnitt. Beide W\u00f6rter bezeichnen einen Wein, den der Winzer aus mehreren Rebsorten, Lagen oder Jahrg\u00e4ngen zusammenstellt.<\/p> <\/div> <div class=\"schema-faq-section\" id=\"faq-question-1787818027193\"><strong class=\"schema-faq-question\">Ist ein Cuv\u00e9e-Wein hochwertig?<\/strong> <p class=\"schema-faq-answer\">Eine Cuv\u00e9e kann ein hervorragender Wein sein. Die Qualit\u00e4t h\u00e4ngt vom K\u00f6nnen des Winzers und den verwendeten Grundweinen ab, nicht von der Verschnitt-Methode selbst. Bordeaux und Champagner beweisen, dass Cuv\u00e9es zu den angesehensten Weinen der Welt z\u00e4hlen.<\/p> <\/div> <div class=\"schema-faq-section\" id=\"faq-question-1787818039657\"><strong class=\"schema-faq-question\">Ist Cuv\u00e9e minderwertig?<\/strong> <p class=\"schema-faq-answer\">Nein, eine Cuv\u00e9e ist kein Qualit\u00e4tsmangel. Der Winzer trifft die Entscheidung f\u00fcr einen Verschnitt bewusst, um Aromen, S\u00e4ure und Struktur mehrerer Komponenten aufeinander abzustimmen.<\/p> <\/div> <div class=\"schema-faq-section\" id=\"faq-question-1787818056258\"><strong class=\"schema-faq-question\">Warum mischen Winzer verschiedene Rebsorten?<\/strong> <p class=\"schema-faq-answer\">Der Winzer gleicht damit die Schw\u00e4chen einzelner Sorten aus, harmonisiert Aromen und S\u00e4ure und erzielt so ein vielschichtigeres, konstanteres Geschmacksbild als mit einer einzelnen Rebsorte.<\/p> <\/div> <\/div>\n","protected":false},"excerpt":{"rendered":"<p>Die kurze Antwort:\u00a0Eine Cuv\u00e9e ist ein Wein, den der Winzer bewusst aus mehreren&#8230;<\/p>\n","protected":false},"author":68,"featured_media":7528,"comment_status":"closed","ping_status":"open","sticky":false,"template":"","format":"standard","meta":{"_acf_changed":false,"footnotes":""},"categories":[27],"tags":[],"class_list":["post-7527","post","type-post","status-publish","format-standard","has-post-thumbnail","hentry","category-wein-wissen","wow","fadeIn"],"acf":[],"yoast_head":"<!-- This site is optimized with the Yoast SEO plugin v25.1 - https:\/\/yoast.com\/wordpress\/plugins\/seo\/ -->\n<title>Was ist eine Cuv\u00e9e? | Ludwig von Kapff<\/title>\n<meta name=\"description\" content=\"Eine Cuv\u00e9e vereint mehrere Rebsorten in einem Wein. Ludwig von Kapff erkl\u00e4rt den Begriff &amp; nennt bekannte Beispiele \u00bb Mehr Wein-Wissen.\" \/>\n<meta name=\"robots\" content=\"index, follow, max-snippet:-1, max-image-preview:large, max-video-preview:-1\" \/>\n<link rel=\"canonical\" href=\"https:\/\/www.ludwig-von-kapff.de\/blog\/was-ist-ein-cuvee-wein\" \/>\n<meta property=\"og:locale\" content=\"de_DE\" \/>\n<meta property=\"og:type\" content=\"article\" \/>\n<meta property=\"og:title\" content=\"Was ist eine Cuv\u00e9e? | Ludwig von Kapff\" \/>\n<meta property=\"og:description\" content=\"Eine Cuv\u00e9e vereint mehrere Rebsorten in einem Wein. Ludwig von Kapff erkl\u00e4rt den Begriff &amp; nennt bekannte Beispiele \u00bb Mehr Wein-Wissen.\" \/>\n<meta property=\"og:url\" content=\"https:\/\/www.ludwig-von-kapff.de\/blog\/was-ist-ein-cuvee-wein\" \/>\n<meta property=\"og:site_name\" content=\"Ludwigs Weinblog\" \/>\n<meta property=\"article:publisher\" content=\"https:\/\/de-de.facebook.com\/ludwigvonkapff\/\" \/>\n<meta property=\"article:published_time\" content=\"2026-08-27T08:23:58+00:00\" \/>\n<meta property=\"article:modified_time\" content=\"2026-08-27T08:24:00+00:00\" \/>\n<meta property=\"og:image\" content=\"https:\/\/www.ludwig-von-kapff.de\/blog\/wp-content\/uploads\/2026\/08\/helle-und-dunkle-traubenreben.jpg\" \/>\n\t<meta property=\"og:image:width\" content=\"1200\" \/>\n\t<meta property=\"og:image:height\" content=\"797\" \/>\n\t<meta property=\"og:image:type\" content=\"image\/jpeg\" \/>\n<meta name=\"author\" content=\"Jascha de Bloom\" \/>\n<meta name=\"twitter:card\" content=\"summary_large_image\" \/>\n<meta name=\"twitter:creator\" content=\"@ludwigvonkapff\" \/>\n<meta name=\"twitter:site\" content=\"@ludwigvonkapff\" \/>\n<meta name=\"twitter:label1\" content=\"Verfasst von\" \/>\n\t<meta name=\"twitter:data1\" content=\"Jascha de Bloom\" \/>\n\t<meta name=\"twitter:label2\" content=\"Gesch\u00e4tzte Lesezeit\" \/>\n\t<meta name=\"twitter:data2\" content=\"5\u00a0Minuten\" \/>\n<script type=\"application\/ld+json\" class=\"yoast-schema-graph\">{\"@context\":\"https:\/\/schema.org\",\"@graph\":[{\"@type\":\"Article\",\"@id\":\"https:\/\/www.ludwig-von-kapff.de\/blog\/was-ist-ein-cuvee-wein#article\",\"isPartOf\":{\"@id\":\"https:\/\/www.ludwig-von-kapff.de\/blog\/was-ist-ein-cuvee-wein\"},\"author\":{\"name\":\"Jascha de Bloom\",\"@id\":\"https:\/\/www.ludwig-von-kapff.de\/blog\/#\/schema\/person\/7117d9394e0cbf5ca5d31654d6955282\"},\"headline\":\"Was ist ein Cuv\u00e9e-Wein?\",\"datePublished\":\"2026-08-27T08:23:58+00:00\",\"dateModified\":\"2026-08-27T08:24:00+00:00\",\"mainEntityOfPage\":{\"@id\":\"https:\/\/www.ludwig-von-kapff.de\/blog\/was-ist-ein-cuvee-wein\"},\"wordCount\":886,\"publisher\":{\"@id\":\"https:\/\/www.ludwig-von-kapff.de\/blog\/#organization\"},\"image\":{\"@id\":\"https:\/\/www.ludwig-von-kapff.de\/blog\/was-ist-ein-cuvee-wein#primaryimage\"},\"thumbnailUrl\":\"https:\/\/www.ludwig-von-kapff.de\/blog\/wp-content\/uploads\/2026\/08\/helle-und-dunkle-traubenreben.jpg\",\"articleSection\":[\"Wein Wissen\"],\"inLanguage\":\"de\"},{\"@type\":[\"WebPage\",\"FAQPage\"],\"@id\":\"https:\/\/www.ludwig-von-kapff.de\/blog\/was-ist-ein-cuvee-wein\",\"url\":\"https:\/\/www.ludwig-von-kapff.de\/blog\/was-ist-ein-cuvee-wein\",\"name\":\"Was ist eine Cuv\u00e9e? | Ludwig von Kapff\",\"isPartOf\":{\"@id\":\"https:\/\/www.ludwig-von-kapff.de\/blog\/#website\"},\"primaryImageOfPage\":{\"@id\":\"https:\/\/www.ludwig-von-kapff.de\/blog\/was-ist-ein-cuvee-wein#primaryimage\"},\"image\":{\"@id\":\"https:\/\/www.ludwig-von-kapff.de\/blog\/was-ist-ein-cuvee-wein#primaryimage\"},\"thumbnailUrl\":\"https:\/\/www.ludwig-von-kapff.de\/blog\/wp-content\/uploads\/2026\/08\/helle-und-dunkle-traubenreben.jpg\",\"datePublished\":\"2026-08-27T08:23:58+00:00\",\"dateModified\":\"2026-08-27T08:24:00+00:00\",\"description\":\"Eine Cuv\u00e9e vereint mehrere Rebsorten in einem Wein. Ludwig von Kapff erkl\u00e4rt den Begriff & nennt bekannte Beispiele \u00bb Mehr Wein-Wissen.\",\"mainEntity\":[{\"@id\":\"https:\/\/www.ludwig-von-kapff.de\/blog\/was-ist-ein-cuvee-wein#faq-question-1787818016189\"},{\"@id\":\"https:\/\/www.ludwig-von-kapff.de\/blog\/was-ist-ein-cuvee-wein#faq-question-1787818027193\"},{\"@id\":\"https:\/\/www.ludwig-von-kapff.de\/blog\/was-ist-ein-cuvee-wein#faq-question-1787818039657\"},{\"@id\":\"https:\/\/www.ludwig-von-kapff.de\/blog\/was-ist-ein-cuvee-wein#faq-question-1787818056258\"}],\"inLanguage\":\"de\",\"potentialAction\":[{\"@type\":\"ReadAction\",\"target\":[\"https:\/\/www.ludwig-von-kapff.de\/blog\/was-ist-ein-cuvee-wein\"]}]},{\"@type\":\"ImageObject\",\"inLanguage\":\"de\",\"@id\":\"https:\/\/www.ludwig-von-kapff.de\/blog\/was-ist-ein-cuvee-wein#primaryimage\",\"url\":\"https:\/\/www.ludwig-von-kapff.de\/blog\/wp-content\/uploads\/2026\/08\/helle-und-dunkle-traubenreben.jpg\",\"contentUrl\":\"https:\/\/www.ludwig-von-kapff.de\/blog\/wp-content\/uploads\/2026\/08\/helle-und-dunkle-traubenreben.jpg\",\"width\":1200,\"height\":797,\"caption\":\"Helle und dunkle Traubenreben.\"},{\"@type\":\"WebSite\",\"@id\":\"https:\/\/www.ludwig-von-kapff.de\/blog\/#website\",\"url\":\"https:\/\/www.ludwig-von-kapff.de\/blog\/\",\"name\":\"Ludwigs Weinblog\",\"description\":\"Alles rund um die Themen Wein und Genuss.\",\"publisher\":{\"@id\":\"https:\/\/www.ludwig-von-kapff.de\/blog\/#organization\"},\"potentialAction\":[{\"@type\":\"SearchAction\",\"target\":{\"@type\":\"EntryPoint\",\"urlTemplate\":\"https:\/\/www.ludwig-von-kapff.de\/blog\/?s={search_term_string}\"},\"query-input\":{\"@type\":\"PropertyValueSpecification\",\"valueRequired\":true,\"valueName\":\"search_term_string\"}}],\"inLanguage\":\"de\"},{\"@type\":\"Organization\",\"@id\":\"https:\/\/www.ludwig-von-kapff.de\/blog\/#organization\",\"name\":\"Ludwigs Weinblog\",\"url\":\"https:\/\/www.ludwig-von-kapff.de\/blog\/\",\"logo\":{\"@type\":\"ImageObject\",\"inLanguage\":\"de\",\"@id\":\"https:\/\/www.ludwig-von-kapff.de\/blog\/#\/schema\/logo\/image\/\",\"url\":\"https:\/\/www.ludwig-von-kapff.de\/blog\/wp-content\/uploads\/2023\/01\/cropped-lvk_weinblog_logo-linksbuendig.png\",\"contentUrl\":\"https:\/\/www.ludwig-von-kapff.de\/blog\/wp-content\/uploads\/2023\/01\/cropped-lvk_weinblog_logo-linksbuendig.png\",\"width\":496,\"height\":100,\"caption\":\"Ludwigs Weinblog\"},\"image\":{\"@id\":\"https:\/\/www.ludwig-von-kapff.de\/blog\/#\/schema\/logo\/image\/\"},\"sameAs\":[\"https:\/\/de-de.facebook.com\/ludwigvonkapff\/\",\"https:\/\/x.com\/ludwigvonkapff\",\"https:\/\/www.instagram.com\/ludwigvonkapff\/\",\"https:\/\/www.pinterest.de\/ludwigvonkapff\/\"]},{\"@type\":\"Person\",\"@id\":\"https:\/\/www.ludwig-von-kapff.de\/blog\/#\/schema\/person\/7117d9394e0cbf5ca5d31654d6955282\",\"name\":\"Jascha de Bloom\",\"image\":{\"@type\":\"ImageObject\",\"inLanguage\":\"de\",\"@id\":\"https:\/\/www.ludwig-von-kapff.de\/blog\/#\/schema\/person\/image\/\",\"url\":\"https:\/\/www.ludwig-von-kapff.de\/blog\/wp-content\/uploads\/2026\/07\/portrait-jascha-de-bloom.jpg\",\"contentUrl\":\"https:\/\/www.ludwig-von-kapff.de\/blog\/wp-content\/uploads\/2026\/07\/portrait-jascha-de-bloom.jpg\",\"caption\":\"Jascha de Bloom\"},\"url\":\"https:\/\/www.ludwig-von-kapff.de\/blog\/author\/jascha\"},{\"@type\":\"Question\",\"@id\":\"https:\/\/www.ludwig-von-kapff.de\/blog\/was-ist-ein-cuvee-wein#faq-question-1787818016189\",\"position\":1,\"url\":\"https:\/\/www.ludwig-von-kapff.de\/blog\/was-ist-ein-cuvee-wein#faq-question-1787818016189\",\"name\":\"Was hei\u00dft Cuv\u00e9e auf Deutsch?\",\"answerCount\":1,\"acceptedAnswer\":{\"@type\":\"Answer\",\"text\":\"Cuv\u00e9e entspricht im Deutschen dem Begriff Verschnitt. Beide W\u00f6rter bezeichnen einen Wein, den der Winzer aus mehreren Rebsorten, Lagen oder Jahrg\u00e4ngen zusammenstellt.\",\"inLanguage\":\"de\"},\"inLanguage\":\"de\"},{\"@type\":\"Question\",\"@id\":\"https:\/\/www.ludwig-von-kapff.de\/blog\/was-ist-ein-cuvee-wein#faq-question-1787818027193\",\"position\":2,\"url\":\"https:\/\/www.ludwig-von-kapff.de\/blog\/was-ist-ein-cuvee-wein#faq-question-1787818027193\",\"name\":\"Ist ein Cuv\u00e9e-Wein hochwertig?\",\"answerCount\":1,\"acceptedAnswer\":{\"@type\":\"Answer\",\"text\":\"Eine Cuv\u00e9e kann ein hervorragender Wein sein. Die Qualit\u00e4t h\u00e4ngt vom K\u00f6nnen des Winzers und den verwendeten Grundweinen ab, nicht von der Verschnitt-Methode selbst. Bordeaux und Champagner beweisen, dass Cuv\u00e9es zu den angesehensten Weinen der Welt z\u00e4hlen.\",\"inLanguage\":\"de\"},\"inLanguage\":\"de\"},{\"@type\":\"Question\",\"@id\":\"https:\/\/www.ludwig-von-kapff.de\/blog\/was-ist-ein-cuvee-wein#faq-question-1787818039657\",\"position\":3,\"url\":\"https:\/\/www.ludwig-von-kapff.de\/blog\/was-ist-ein-cuvee-wein#faq-question-1787818039657\",\"name\":\"Ist Cuv\u00e9e minderwertig?\",\"answerCount\":1,\"acceptedAnswer\":{\"@type\":\"Answer\",\"text\":\"Nein, eine Cuv\u00e9e ist kein Qualit\u00e4tsmangel. Der Winzer trifft die Entscheidung f\u00fcr einen Verschnitt bewusst, um Aromen, S\u00e4ure und Struktur mehrerer Komponenten aufeinander abzustimmen.\",\"inLanguage\":\"de\"},\"inLanguage\":\"de\"},{\"@type\":\"Question\",\"@id\":\"https:\/\/www.ludwig-von-kapff.de\/blog\/was-ist-ein-cuvee-wein#faq-question-1787818056258\",\"position\":4,\"url\":\"https:\/\/www.ludwig-von-kapff.de\/blog\/was-ist-ein-cuvee-wein#faq-question-1787818056258\",\"name\":\"Warum mischen Winzer verschiedene Rebsorten?\",\"answerCount\":1,\"acceptedAnswer\":{\"@type\":\"Answer\",\"text\":\"Der Winzer gleicht damit die Schw\u00e4chen einzelner Sorten aus, harmonisiert Aromen und S\u00e4ure und erzielt so ein vielschichtigeres, konstanteres Geschmacksbild als mit einer einzelnen Rebsorte.\",\"inLanguage\":\"de\"},\"inLanguage\":\"de\"}]}<\/script>\n<!-- \/ Yoast SEO plugin. -->","yoast_head_json":{"title":"Was ist eine Cuv\u00e9e? | Ludwig von Kapff","description":"Eine Cuv\u00e9e vereint mehrere Rebsorten in einem Wein. Ludwig von Kapff erkl\u00e4rt den Begriff & nennt bekannte Beispiele \u00bb Mehr Wein-Wissen.","robots":{"index":"index","follow":"follow","max-snippet":"max-snippet:-1","max-image-preview":"max-image-preview:large","max-video-preview":"max-video-preview:-1"},"canonical":"https:\/\/www.ludwig-von-kapff.de\/blog\/was-ist-ein-cuvee-wein","og_locale":"de_DE","og_type":"article","og_title":"Was ist eine Cuv\u00e9e? | Ludwig von Kapff","og_description":"Eine Cuv\u00e9e vereint mehrere Rebsorten in einem Wein. Ludwig von Kapff erkl\u00e4rt den Begriff & nennt bekannte Beispiele \u00bb Mehr Wein-Wissen.","og_url":"https:\/\/www.ludwig-von-kapff.de\/blog\/was-ist-ein-cuvee-wein","og_site_name":"Ludwigs Weinblog","article_publisher":"https:\/\/de-de.facebook.com\/ludwigvonkapff\/","article_published_time":"2026-08-27T08:23:58+00:00","article_modified_time":"2026-08-27T08:24:00+00:00","og_image":[{"width":1200,"height":797,"url":"https:\/\/www.ludwig-von-kapff.de\/blog\/wp-content\/uploads\/2026\/08\/helle-und-dunkle-traubenreben.jpg","type":"image\/jpeg"}],"author":"Jascha de Bloom","twitter_card":"summary_large_image","twitter_creator":"@ludwigvonkapff","twitter_site":"@ludwigvonkapff","twitter_misc":{"Verfasst von":"Jascha de Bloom","Gesch\u00e4tzte Lesezeit":"5\u00a0Minuten"},"schema":{"@context":"https:\/\/schema.org","@graph":[{"@type":"Article","@id":"https:\/\/www.ludwig-von-kapff.de\/blog\/was-ist-ein-cuvee-wein#article","isPartOf":{"@id":"https:\/\/www.ludwig-von-kapff.de\/blog\/was-ist-ein-cuvee-wein"},"author":{"name":"Jascha de Bloom","@id":"https:\/\/www.ludwig-von-kapff.de\/blog\/#\/schema\/person\/7117d9394e0cbf5ca5d31654d6955282"},"headline":"Was ist ein Cuv\u00e9e-Wein?","datePublished":"2026-08-27T08:23:58+00:00","dateModified":"2026-08-27T08:24:00+00:00","mainEntityOfPage":{"@id":"https:\/\/www.ludwig-von-kapff.de\/blog\/was-ist-ein-cuvee-wein"},"wordCount":886,"publisher":{"@id":"https:\/\/www.ludwig-von-kapff.de\/blog\/#organization"},"image":{"@id":"https:\/\/www.ludwig-von-kapff.de\/blog\/was-ist-ein-cuvee-wein#primaryimage"},"thumbnailUrl":"https:\/\/www.ludwig-von-kapff.de\/blog\/wp-content\/uploads\/2026\/08\/helle-und-dunkle-traubenreben.jpg","articleSection":["Wein Wissen"],"inLanguage":"de"},{"@type":["WebPage","FAQPage"],"@id":"https:\/\/www.ludwig-von-kapff.de\/blog\/was-ist-ein-cuvee-wein","url":"https:\/\/www.ludwig-von-kapff.de\/blog\/was-ist-ein-cuvee-wein","name":"Was ist eine Cuv\u00e9e? | Ludwig von Kapff","isPartOf":{"@id":"https:\/\/www.ludwig-von-kapff.de\/blog\/#website"},"primaryImageOfPage":{"@id":"https:\/\/www.ludwig-von-kapff.de\/blog\/was-ist-ein-cuvee-wein#primaryimage"},"image":{"@id":"https:\/\/www.ludwig-von-kapff.de\/blog\/was-ist-ein-cuvee-wein#primaryimage"},"thumbnailUrl":"https:\/\/www.ludwig-von-kapff.de\/blog\/wp-content\/uploads\/2026\/08\/helle-und-dunkle-traubenreben.jpg","datePublished":"2026-08-27T08:23:58+00:00","dateModified":"2026-08-27T08:24:00+00:00","description":"Eine Cuv\u00e9e vereint mehrere Rebsorten in einem Wein. Ludwig von Kapff erkl\u00e4rt den Begriff & nennt bekannte Beispiele \u00bb Mehr Wein-Wissen.","mainEntity":[{"@id":"https:\/\/www.ludwig-von-kapff.de\/blog\/was-ist-ein-cuvee-wein#faq-question-1787818016189"},{"@id":"https:\/\/www.ludwig-von-kapff.de\/blog\/was-ist-ein-cuvee-wein#faq-question-1787818027193"},{"@id":"https:\/\/www.ludwig-von-kapff.de\/blog\/was-ist-ein-cuvee-wein#faq-question-1787818039657"},{"@id":"https:\/\/www.ludwig-von-kapff.de\/blog\/was-ist-ein-cuvee-wein#faq-question-1787818056258"}],"inLanguage":"de","potentialAction":[{"@type":"ReadAction","target":["https:\/\/www.ludwig-von-kapff.de\/blog\/was-ist-ein-cuvee-wein"]}]},{"@type":"ImageObject","inLanguage":"de","@id":"https:\/\/www.ludwig-von-kapff.de\/blog\/was-ist-ein-cuvee-wein#primaryimage","url":"https:\/\/www.ludwig-von-kapff.de\/blog\/wp-content\/uploads\/2026\/08\/helle-und-dunkle-traubenreben.jpg","contentUrl":"https:\/\/www.ludwig-von-kapff.de\/blog\/wp-content\/uploads\/2026\/08\/helle-und-dunkle-traubenreben.jpg","width":1200,"height":797,"caption":"Helle und dunkle Traubenreben."},{"@type":"WebSite","@id":"https:\/\/www.ludwig-von-kapff.de\/blog\/#website","url":"https:\/\/www.ludwig-von-kapff.de\/blog\/","name":"Ludwigs Weinblog","description":"Alles rund um die Themen Wein und Genuss.","publisher":{"@id":"https:\/\/www.ludwig-von-kapff.de\/blog\/#organization"},"potentialAction":[{"@type":"SearchAction","target":{"@type":"EntryPoint","urlTemplate":"https:\/\/www.ludwig-von-kapff.de\/blog\/?s={search_term_string}"},"query-input":{"@type":"PropertyValueSpecification","valueRequired":true,"valueName":"search_term_string"}}],"inLanguage":"de"},{"@type":"Organization","@id":"https:\/\/www.ludwig-von-kapff.de\/blog\/#organization","name":"Ludwigs Weinblog","url":"https:\/\/www.ludwig-von-kapff.de\/blog\/","logo":{"@type":"ImageObject","inLanguage":"de","@id":"https:\/\/www.ludwig-von-kapff.de\/blog\/#\/schema\/logo\/image\/","url":"https:\/\/www.ludwig-von-kapff.de\/blog\/wp-content\/uploads\/2023\/01\/cropped-lvk_weinblog_logo-linksbuendig.png","contentUrl":"https:\/\/www.ludwig-von-kapff.de\/blog\/wp-content\/uploads\/2023\/01\/cropped-lvk_weinblog_logo-linksbuendig.png","width":496,"height":100,"caption":"Ludwigs Weinblog"},"image":{"@id":"https:\/\/www.ludwig-von-kapff.de\/blog\/#\/schema\/logo\/image\/"},"sameAs":["https:\/\/de-de.facebook.com\/ludwigvonkapff\/","https:\/\/x.com\/ludwigvonkapff","https:\/\/www.instagram.com\/ludwigvonkapff\/","https:\/\/www.pinterest.de\/ludwigvonkapff\/"]},{"@type":"Person","@id":"https:\/\/www.ludwig-von-kapff.de\/blog\/#\/schema\/person\/7117d9394e0cbf5ca5d31654d6955282","name":"Jascha de Bloom","image":{"@type":"ImageObject","inLanguage":"de","@id":"https:\/\/www.ludwig-von-kapff.de\/blog\/#\/schema\/person\/image\/","url":"https:\/\/www.ludwig-von-kapff.de\/blog\/wp-content\/uploads\/2026\/07\/portrait-jascha-de-bloom.jpg","contentUrl":"https:\/\/www.ludwig-von-kapff.de\/blog\/wp-content\/uploads\/2026\/07\/portrait-jascha-de-bloom.jpg","caption":"Jascha de Bloom"},"url":"https:\/\/www.ludwig-von-kapff.de\/blog\/author\/jascha"},{"@type":"Question","@id":"https:\/\/www.ludwig-von-kapff.de\/blog\/was-ist-ein-cuvee-wein#faq-question-1787818016189","position":1,"url":"https:\/\/www.ludwig-von-kapff.de\/blog\/was-ist-ein-cuvee-wein#faq-question-1787818016189","name":"Was hei\u00dft Cuv\u00e9e auf Deutsch?","answerCount":1,"acceptedAnswer":{"@type":"Answer","text":"Cuv\u00e9e entspricht im Deutschen dem Begriff Verschnitt. Beide W\u00f6rter bezeichnen einen Wein, den der Winzer aus mehreren Rebsorten, Lagen oder Jahrg\u00e4ngen zusammenstellt.","inLanguage":"de"},"inLanguage":"de"},{"@type":"Question","@id":"https:\/\/www.ludwig-von-kapff.de\/blog\/was-ist-ein-cuvee-wein#faq-question-1787818027193","position":2,"url":"https:\/\/www.ludwig-von-kapff.de\/blog\/was-ist-ein-cuvee-wein#faq-question-1787818027193","name":"Ist ein Cuv\u00e9e-Wein hochwertig?","answerCount":1,"acceptedAnswer":{"@type":"Answer","text":"Eine Cuv\u00e9e kann ein hervorragender Wein sein. Die Qualit\u00e4t h\u00e4ngt vom K\u00f6nnen des Winzers und den verwendeten Grundweinen ab, nicht von der Verschnitt-Methode selbst. Bordeaux und Champagner beweisen, dass Cuv\u00e9es zu den angesehensten Weinen der Welt z\u00e4hlen.","inLanguage":"de"},"inLanguage":"de"},{"@type":"Question","@id":"https:\/\/www.ludwig-von-kapff.de\/blog\/was-ist-ein-cuvee-wein#faq-question-1787818039657","position":3,"url":"https:\/\/www.ludwig-von-kapff.de\/blog\/was-ist-ein-cuvee-wein#faq-question-1787818039657","name":"Ist Cuv\u00e9e minderwertig?","answerCount":1,"acceptedAnswer":{"@type":"Answer","text":"Nein, eine Cuv\u00e9e ist kein Qualit\u00e4tsmangel. Der Winzer trifft die Entscheidung f\u00fcr einen Verschnitt bewusst, um Aromen, S\u00e4ure und Struktur mehrerer Komponenten aufeinander abzustimmen.","inLanguage":"de"},"inLanguage":"de"},{"@type":"Question","@id":"https:\/\/www.ludwig-von-kapff.de\/blog\/was-ist-ein-cuvee-wein#faq-question-1787818056258","position":4,"url":"https:\/\/www.ludwig-von-kapff.de\/blog\/was-ist-ein-cuvee-wein#faq-question-1787818056258","name":"Warum mischen Winzer verschiedene Rebsorten?","answerCount":1,"acceptedAnswer":{"@type":"Answer","text":"Der Winzer gleicht damit die Schw\u00e4chen einzelner Sorten aus, harmonisiert Aromen und S\u00e4ure und erzielt so ein vielschichtigeres, konstanteres Geschmacksbild als mit einer einzelnen Rebsorte.","inLanguage":"de"},"inLanguage":"de"}]}},"jetpack_featured_media_url":"https:\/\/www.ludwig-von-kapff.de\/blog\/wp-content\/uploads\/2026\/08\/helle-und-dunkle-traubenreben.jpg","_links":{"self":[{"href":"https:\/\/www.ludwig-von-kapff.de\/blog\/wp-json\/wp\/v2\/posts\/7527","targetHints":{"allow":["GET"]}}],"collection":[{"href":"https:\/\/www.ludwig-von-kapff.de\/blog\/wp-json\/wp\/v2\/posts"}],"about":[{"href":"https:\/\/www.ludwig-von-kapff.de\/blog\/wp-json\/wp\/v2\/types\/post"}],"author":[{"embeddable":true,"href":"https:\/\/www.ludwig-von-kapff.de\/blog\/wp-json\/wp\/v2\/users\/68"}],"replies":[{"embeddable":true,"href":"https:\/\/www.ludwig-von-kapff.de\/blog\/wp-json\/wp\/v2\/comments?post=7527"}],"version-history":[{"count":1,"href":"https:\/\/www.ludwig-von-kapff.de\/blog\/wp-json\/wp\/v2\/posts\/7527\/revisions"}],"predecessor-version":[{"id":7530,"href":"https:\/\/www.ludwig-von-kapff.de\/blog\/wp-json\/wp\/v2\/posts\/7527\/revisions\/7530"}],"wp:featuredmedia":[{"embeddable":true,"href":"https:\/\/www.ludwig-von-kapff.de\/blog\/wp-json\/wp\/v2\/media\/7528"}],"wp:attachment":[{"href":"https:\/\/www.ludwig-von-kapff.de\/blog\/wp-json\/wp\/v2\/media?parent=7527"}],"wp:term":[{"taxonomy":"category","embeddable":true,"href":"https:\/\/www.ludwig-von-kapff.de\/blog\/wp-json\/wp\/v2\/categories?post=7527"},{"taxonomy":"post_tag","embeddable":true,"href":"https:\/\/www.ludwig-von-kapff.de\/blog\/wp-json\/wp\/v2\/tags?post=7527"}],"curies":[{"name":"wp","href":"https:\/\/api.w.org\/{rel}","templated":true}]}}