{"id":7535,"date":"2026-08-27T11:03:52","date_gmt":"2026-08-27T11:03:52","guid":{"rendered":"https:\/\/www.ludwig-von-kapff.de\/blog\/?p=7535"},"modified":"2026-08-27T11:03:52","modified_gmt":"2026-08-27T11:03:52","slug":"welcher-wein-passt-zu-flammkuchen","status":"publish","type":"post","link":"https:\/\/www.ludwig-von-kapff.de\/blog\/welcher-wein-passt-zu-flammkuchen","title":{"rendered":"Welcher Wein passt zu Flammkuchen?"},"content":{"rendered":"\n<p class=\"wp-block-paragraph\"><strong>Die kurze Antwort:<\/strong>\u00a0Zum klassischen Flammkuchen mit Speck und Zwiebeln passt am besten ein trockener Wei\u00dfburgunder oder ein lebendiger Riesling, deren ausgepr\u00e4gte S\u00e4ure das Fett des Specks ausgleicht. Bei vegetarischem Belag mit Gem\u00fcse und Kr\u00e4utern harmoniert ein schlanker Grauburgunder oder ein frischer Ros\u00e9, zu Flammkuchen mit Lachs oder Spinat passt ein spritziger Cr\u00e9mant oder ein mineralischer Riesling. F\u00fcr die s\u00fc\u00dfe Variante mit Apfel und Zimt eignet sich eine liebliche Riesling-Sp\u00e4tlese oder ein aromatischer Gew\u00fcrztraminer. Als Grundregel gilt zudem: Els\u00e4sser Weine begleiten els\u00e4ssischen Flammkuchen besonders stimmig.<\/p>\n\n\n\n<ol class=\"wp-block-list\">\n<li><a href=\"#warum-der-wein-beim-flammkuchen-besonders-wichtig-ist\">Warum der Wein beim Flammkuchen besonders wichtig ist<\/a><\/li>\n\n\n\n<li><a href=\"#der-passende-wein-je-flammkuchen-belag\">Der passende Wein je Flammkuchen-Belag<\/a><\/li>\n\n\n\n<li><a href=\"#warum-elsaessischer-wein-zu-elsaessischem-flammkuchen-passt\">Warum els\u00e4ssischer Wein zu els\u00e4ssischem Flammkuchen passt<\/a><\/li>\n\n\n\n<li><a href=\"#weissburgunder-und-riesling-bei-ludwig-von-kapff\">Wei\u00dfburgunder und Riesling bei Ludwig von Kapff<\/a><\/li>\n\n\n\n<li><a href=\"#faq-haeufige-fragen-zu-wein-und-flammkuchen\">FAQ: H\u00e4ufige Fragen zu Wein und Flammkuchen<\/a><\/li>\n<\/ol>\n\n\n\n<h2 class=\"wp-block-heading\" id=\"warum-der-wein-beim-flammkuchen-besonders-wichtig-ist\">Warum der Wein beim Flammkuchen besonders wichtig ist<\/h2>\n\n\n\n<p class=\"wp-block-paragraph\">Der els\u00e4ssische Flammkuchen, franz\u00f6sisch \u00bbTarte flamb\u00e9e\u00ab, verlangt nach einem Wein mit ausgepr\u00e4gter S\u00e4ure, weil sein Belag aus Cr\u00e8me fra\u00eeche, Speck und Zwiebeln reichlich Fett mitbringt.\u00a0<strong>Die S\u00e4ure im Wein wirkt als Gegenpol zum Fett<\/strong>\u00a0und h\u00e4lt den Gesamteindruck am Gaumen frisch, w\u00e4hrend der hauchd\u00fcnne, knusprige Teig selbst kaum Gewicht in die Waagschale wirft. Urspr\u00fcnglich entstand das Gericht in els\u00e4ssischen Bauernh\u00e4usern als Resthitze-Speise: Der d\u00fcnn ausgerollte Teig diente dazu, die Temperatur des Brotbackofens zu testen, bevor das eigentliche Brot hineinkam.<\/p>\n\n\n\n<p class=\"wp-block-paragraph\">Kr\u00e4ftige, tanninbetonte Rotweine eignen sich weniger f\u00fcr den Flammkuchen, weil ihre Gerbstoffe die filigrane Kruste \u00fcberdecken und in Kombination mit dem Speck z\u00e4h wirken. Wenn Sie dennoch einen Rotwein bevorzugen, sollten Sie zu einem saftigen, tanninarmen Stil greifen, etwa einem&nbsp;<strong>Cabernet Sauvignon oder einem weichen Merlot<\/strong>.<\/p>\n\n\n\n<h2 class=\"wp-block-heading\" id=\"der-passende-wein-je-flammkuchen-belag\">Der passende Wein je Flammkuchen-Belag<\/h2>\n\n\n\n<p class=\"wp-block-paragraph\">Der Belag entscheidet ma\u00dfgeblich, welcher Wein zum Flammkuchen passt. Als Faustregel gilt:\u00a0<strong>Je fettreicher und w\u00fcrziger der Belag, desto mehr S\u00e4ure und Frische braucht der Wein<\/strong>\u00a0als Ausgleich. Die folgende \u00dcbersicht ordnet die g\u00e4ngigen Varianten dem jeweils stimmigsten Wein zu.<\/p>\n\n\n\n<ul class=\"wp-block-list\">\n<li><strong>Klassisch mit Speck und Zwiebeln:<\/strong>\u00a0Ein trockener Wei\u00dfburgunder oder ein lebendiger Riesling gleicht mit seiner S\u00e4ure das Fett des Specks aus.<\/li>\n\n\n\n<li><strong>Vegetarisch mit Gem\u00fcse und Kr\u00e4utern:<\/strong>\u00a0Ein schlanker Grauburgunder oder ein frischer Ros\u00e9 begleitet die milden R\u00f6staromen, ohne sie zu \u00fcberdecken.<\/li>\n\n\n\n<li><strong>Mit Fisch, etwa Lachs oder Spinat:<\/strong>\u00a0Ein spritziger Cr\u00e9mant oder ein mineralischer Riesling unterstreicht die feinen Fischaromen.<\/li>\n\n\n\n<li><strong>S\u00fc\u00df mit Apfel und Zimt:<\/strong>\u00a0Eine liebliche Riesling-Sp\u00e4tlese oder ein aromatischer Gew\u00fcrztraminer nimmt die S\u00fc\u00dfe auf und setzt eigene Fruchtnoten dagegen.<\/li>\n\n\n\n<li><strong>F\u00fcr Rotwein-Trinker:<\/strong>\u00a0Ein saftiger Cabernet Sauvignon oder ein weicher Merlot dient als tanninarme Alternative f\u00fcr die klassischen Flammkuchen-Variante.<\/li>\n<\/ul>\n\n\n\n<figure class=\"wp-block-image size-large\"><img loading=\"lazy\" decoding=\"async\" width=\"1024\" height=\"683\" src=\"https:\/\/www.ludwig-von-kapff.de\/blog\/wp-content\/uploads\/2026\/08\/suesser-flammkuchen-mit-aepfeln-1024x683.jpg\" alt=\"S\u00fc\u00dfer Flammkuchen mit \u00c4pfeln.\" class=\"wp-image-7539\" srcset=\"https:\/\/www.ludwig-von-kapff.de\/blog\/wp-content\/uploads\/2026\/08\/suesser-flammkuchen-mit-aepfeln-1024x683.jpg 1024w, https:\/\/www.ludwig-von-kapff.de\/blog\/wp-content\/uploads\/2026\/08\/suesser-flammkuchen-mit-aepfeln-300x200.jpg 300w, https:\/\/www.ludwig-von-kapff.de\/blog\/wp-content\/uploads\/2026\/08\/suesser-flammkuchen-mit-aepfeln-768x512.jpg 768w, https:\/\/www.ludwig-von-kapff.de\/blog\/wp-content\/uploads\/2026\/08\/suesser-flammkuchen-mit-aepfeln-150x100.jpg 150w, https:\/\/www.ludwig-von-kapff.de\/blog\/wp-content\/uploads\/2026\/08\/suesser-flammkuchen-mit-aepfeln.jpg 1200w\" sizes=\"auto, (max-width: 1024px) 100vw, 1024px\" \/><\/figure>\n\n\n\n<h2 class=\"wp-block-heading\" id=\"warum-elsaessischer-wein-zu-elsaessischem-flammkuchen-passt\">Warum els\u00e4ssischer Wein zu els\u00e4ssischem Flammkuchen passt<\/h2>\n\n\n\n<p class=\"wp-block-paragraph\">Die Grundregel der regionalen Passung gilt beim Flammkuchen in besonderem Ma\u00dfe: Wein und Gericht aus derselben Herkunftsregion erg\u00e4nzen sich hervorragend, da sie im selben kulinarischen Kontext entstanden sind.\u00a0<strong>Els\u00e4sser Wei\u00dfburgunder, Riesling und Gew\u00fcrztraminer wachsen auf Kalk- und Sandsteinb\u00f6den<\/strong>, die der Region ihren eigenen Charakter verleihen und die traditionelle Rezeptur des Flammkuchens seit Generationen begleiten. Wenn Sie die authentische Kombination suchen, greifen Sie deshalb gezielt zu einem Wein aus dem Elsass, sofern der Flammkuchen nach els\u00e4ssischer Rezeptur zubereitet ist.<\/p>\n\n\n\n<h2 class=\"wp-block-heading\" id=\"weissburgunder-und-riesling-bei-ludwig-von-kapff\">Wei\u00dfburgunder und Riesling bei Ludwig von Kapff<\/h2>\n\n\n\n<p class=\"wp-block-paragraph\">F\u00fcr den vegetarischen Flammkuchen mit Gem\u00fcse oder Kr\u00e4utern f\u00fchrt Ludwig von Kapff ein Sortiment an\u00a0<a href=\"https:\/\/www.ludwig-von-kapff.de\/grauburgunder.html\">Grauburgunder<\/a>, dessen dezente Fruchtnoten und feine S\u00e4ure zum milden Belag passen.\u00a0<strong>F\u00fcr die klassische und die s\u00fc\u00dfe Variante erg\u00e4nzt das Sortiment an\u00a0<a href=\"https:\/\/www.ludwig-von-kapff.de\/riesling.html\">Riesling<\/a>\u00a0die Auswahl<\/strong>\u00a0\u2013 sowohl trockene als auch liebliche Ausbaustile stehen zur Verf\u00fcgung, sodass sich f\u00fcr Speck-Zwiebel-Flammkuchen wie f\u00fcr die s\u00fc\u00dfe Apfel-Zimt-Variante ein passender Stil findet.<\/p>\n\n\n\n<h2 class=\"wp-block-heading\" id=\"faq-haeufige-fragen-zu-wein-und-flammkuchen\">FAQ: H\u00e4ufige Fragen zu Wein und Flammkuchen<\/h2>\n\n\n\n<div class=\"schema-faq wp-block-yoast-faq-block\"><div class=\"schema-faq-section\" id=\"faq-question-1787824960161\"><strong class=\"schema-faq-question\">Was trinkt man zu Flammkuchen?<\/strong> <p class=\"schema-faq-answer\">Zum klassischen Flammkuchen mit Speck und Zwiebeln passt ein trockener Wei\u00dfburgunder oder ein lebendiger Riesling. Je nach Belag eignen sich auch Grauburgunder, Ros\u00e9, Cr\u00e9mant oder Gew\u00fcrztraminer.<\/p> <\/div> <div class=\"schema-faq-section\" id=\"faq-question-1787824971524\"><strong class=\"schema-faq-question\">Was passt am besten zu Flammkuchen?<\/strong> <p class=\"schema-faq-answer\">Am besten passt ein Wein mit einer ausgepr\u00e4gten S\u00e4ure, die das Fett von Speck und Cr\u00e8me fra\u00eeche ausgleicht. Wei\u00dfburgunder und Riesling erf\u00fcllen diese Anforderung besonders gut.<\/p> <\/div> <div class=\"schema-faq-section\" id=\"faq-question-1787824985780\"><strong class=\"schema-faq-question\">Passt Rotwein zu Flammkuchen?<\/strong> <p class=\"schema-faq-answer\">Rotwein passt eingeschr\u00e4nkt, weil kr\u00e4ftige Tannine die filigrane Kruste \u00fcberdecken. Ein saftiger Cabernet Sauvignon oder ein weicher Merlot funktioniert jedoch als tanninarme Alternative.<\/p> <\/div> <div class=\"schema-faq-section\" id=\"faq-question-1787824991901\"><strong class=\"schema-faq-question\">Welcher Wein passt zu vegetarischem Flammkuchen?<\/strong> <p class=\"schema-faq-answer\">Zu vegetarischem Flammkuchen mit Gem\u00fcse oder Kr\u00e4utern passt ein schlanker Grauburgunder oder ein frischer Ros\u00e9, der die milden R\u00f6staromen unterstreicht.<\/p> <\/div> <\/div>\n","protected":false},"excerpt":{"rendered":"<p>Die kurze Antwort:\u00a0Zum klassischen Flammkuchen mit Speck und Zwiebeln passt am besten ein&#8230;<\/p>\n","protected":false},"author":68,"featured_media":7538,"comment_status":"closed","ping_status":"open","sticky":false,"template":"","format":"standard","meta":{"_acf_changed":false,"footnotes":""},"categories":[13],"tags":[],"class_list":["post-7535","post","type-post","status-publish","format-standard","has-post-thumbnail","hentry","category-welcher-wein-passt-zu","wow","fadeIn"],"acf":[],"yoast_head":"<!-- This site is optimized with the Yoast SEO plugin v25.1 - https:\/\/yoast.com\/wordpress\/plugins\/seo\/ -->\n<title>Welcher Wein passt zu Flammkuchen? | Ludwig von Kapff<\/title>\n<meta name=\"description\" content=\"Bei Ludwig von Kapff den passenden Wein zu Flammkuchen finden \u2713 Die richtige Empfehlung je nach Belag \u00bb Jetzt Food-Pairing-Tipps holen.\" \/>\n<meta name=\"robots\" content=\"index, follow, max-snippet:-1, max-image-preview:large, max-video-preview:-1\" \/>\n<link rel=\"canonical\" href=\"https:\/\/www.ludwig-von-kapff.de\/blog\/welcher-wein-passt-zu-flammkuchen\" \/>\n<meta property=\"og:locale\" content=\"de_DE\" \/>\n<meta property=\"og:type\" content=\"article\" \/>\n<meta property=\"og:title\" content=\"Welcher Wein passt zu Flammkuchen? | Ludwig von Kapff\" \/>\n<meta property=\"og:description\" content=\"Bei Ludwig von Kapff den passenden Wein zu Flammkuchen finden \u2713 Die richtige Empfehlung je nach Belag \u00bb Jetzt Food-Pairing-Tipps holen.\" \/>\n<meta property=\"og:url\" content=\"https:\/\/www.ludwig-von-kapff.de\/blog\/welcher-wein-passt-zu-flammkuchen\" \/>\n<meta property=\"og:site_name\" content=\"Ludwigs Weinblog\" \/>\n<meta property=\"article:publisher\" content=\"https:\/\/de-de.facebook.com\/ludwigvonkapff\/\" \/>\n<meta property=\"article:published_time\" content=\"2026-08-27T11:03:52+00:00\" \/>\n<meta property=\"og:image\" content=\"https:\/\/www.ludwig-von-kapff.de\/blog\/wp-content\/uploads\/2026\/08\/elsaesser-flammkuchen-holzbrett-glas-weisswein.jpg\" \/>\n\t<meta property=\"og:image:width\" content=\"1200\" \/>\n\t<meta property=\"og:image:height\" content=\"800\" \/>\n\t<meta property=\"og:image:type\" content=\"image\/jpeg\" \/>\n<meta name=\"author\" content=\"Jascha de Bloom\" \/>\n<meta name=\"twitter:card\" content=\"summary_large_image\" \/>\n<meta name=\"twitter:creator\" content=\"@ludwigvonkapff\" \/>\n<meta name=\"twitter:site\" content=\"@ludwigvonkapff\" \/>\n<meta name=\"twitter:label1\" content=\"Verfasst von\" \/>\n\t<meta name=\"twitter:data1\" content=\"Jascha de Bloom\" \/>\n\t<meta name=\"twitter:label2\" content=\"Gesch\u00e4tzte Lesezeit\" \/>\n\t<meta name=\"twitter:data2\" content=\"5\u00a0Minuten\" \/>\n<script type=\"application\/ld+json\" class=\"yoast-schema-graph\">{\"@context\":\"https:\/\/schema.org\",\"@graph\":[{\"@type\":\"Article\",\"@id\":\"https:\/\/www.ludwig-von-kapff.de\/blog\/welcher-wein-passt-zu-flammkuchen#article\",\"isPartOf\":{\"@id\":\"https:\/\/www.ludwig-von-kapff.de\/blog\/welcher-wein-passt-zu-flammkuchen\"},\"author\":{\"name\":\"Jascha de Bloom\",\"@id\":\"https:\/\/www.ludwig-von-kapff.de\/blog\/#\/schema\/person\/7117d9394e0cbf5ca5d31654d6955282\"},\"headline\":\"Welcher Wein passt zu Flammkuchen?\",\"datePublished\":\"2026-08-27T11:03:52+00:00\",\"mainEntityOfPage\":{\"@id\":\"https:\/\/www.ludwig-von-kapff.de\/blog\/welcher-wein-passt-zu-flammkuchen\"},\"wordCount\":763,\"publisher\":{\"@id\":\"https:\/\/www.ludwig-von-kapff.de\/blog\/#organization\"},\"image\":{\"@id\":\"https:\/\/www.ludwig-von-kapff.de\/blog\/welcher-wein-passt-zu-flammkuchen#primaryimage\"},\"thumbnailUrl\":\"https:\/\/www.ludwig-von-kapff.de\/blog\/wp-content\/uploads\/2026\/08\/elsaesser-flammkuchen-holzbrett-glas-weisswein.jpg\",\"articleSection\":[\"Welcher Wein passt zu\u2026\"],\"inLanguage\":\"de\"},{\"@type\":[\"WebPage\",\"FAQPage\"],\"@id\":\"https:\/\/www.ludwig-von-kapff.de\/blog\/welcher-wein-passt-zu-flammkuchen\",\"url\":\"https:\/\/www.ludwig-von-kapff.de\/blog\/welcher-wein-passt-zu-flammkuchen\",\"name\":\"Welcher Wein passt zu Flammkuchen? | Ludwig von Kapff\",\"isPartOf\":{\"@id\":\"https:\/\/www.ludwig-von-kapff.de\/blog\/#website\"},\"primaryImageOfPage\":{\"@id\":\"https:\/\/www.ludwig-von-kapff.de\/blog\/welcher-wein-passt-zu-flammkuchen#primaryimage\"},\"image\":{\"@id\":\"https:\/\/www.ludwig-von-kapff.de\/blog\/welcher-wein-passt-zu-flammkuchen#primaryimage\"},\"thumbnailUrl\":\"https:\/\/www.ludwig-von-kapff.de\/blog\/wp-content\/uploads\/2026\/08\/elsaesser-flammkuchen-holzbrett-glas-weisswein.jpg\",\"datePublished\":\"2026-08-27T11:03:52+00:00\",\"description\":\"Bei Ludwig von Kapff den passenden Wein zu Flammkuchen finden \u2713 Die richtige Empfehlung je nach Belag \u00bb Jetzt Food-Pairing-Tipps holen.\",\"mainEntity\":[{\"@id\":\"https:\/\/www.ludwig-von-kapff.de\/blog\/welcher-wein-passt-zu-flammkuchen#faq-question-1787824960161\"},{\"@id\":\"https:\/\/www.ludwig-von-kapff.de\/blog\/welcher-wein-passt-zu-flammkuchen#faq-question-1787824971524\"},{\"@id\":\"https:\/\/www.ludwig-von-kapff.de\/blog\/welcher-wein-passt-zu-flammkuchen#faq-question-1787824985780\"},{\"@id\":\"https:\/\/www.ludwig-von-kapff.de\/blog\/welcher-wein-passt-zu-flammkuchen#faq-question-1787824991901\"}],\"inLanguage\":\"de\",\"potentialAction\":[{\"@type\":\"ReadAction\",\"target\":[\"https:\/\/www.ludwig-von-kapff.de\/blog\/welcher-wein-passt-zu-flammkuchen\"]}]},{\"@type\":\"ImageObject\",\"inLanguage\":\"de\",\"@id\":\"https:\/\/www.ludwig-von-kapff.de\/blog\/welcher-wein-passt-zu-flammkuchen#primaryimage\",\"url\":\"https:\/\/www.ludwig-von-kapff.de\/blog\/wp-content\/uploads\/2026\/08\/elsaesser-flammkuchen-holzbrett-glas-weisswein.jpg\",\"contentUrl\":\"https:\/\/www.ludwig-von-kapff.de\/blog\/wp-content\/uploads\/2026\/08\/elsaesser-flammkuchen-holzbrett-glas-weisswein.jpg\",\"width\":1200,\"height\":800,\"caption\":\"Zwei Els\u00e4sser Flammkuchen auf Holzbrett mit einem Glas Wei\u00dfwein.\"},{\"@type\":\"WebSite\",\"@id\":\"https:\/\/www.ludwig-von-kapff.de\/blog\/#website\",\"url\":\"https:\/\/www.ludwig-von-kapff.de\/blog\/\",\"name\":\"Ludwigs Weinblog\",\"description\":\"Alles rund um die Themen Wein und Genuss.\",\"publisher\":{\"@id\":\"https:\/\/www.ludwig-von-kapff.de\/blog\/#organization\"},\"potentialAction\":[{\"@type\":\"SearchAction\",\"target\":{\"@type\":\"EntryPoint\",\"urlTemplate\":\"https:\/\/www.ludwig-von-kapff.de\/blog\/?s={search_term_string}\"},\"query-input\":{\"@type\":\"PropertyValueSpecification\",\"valueRequired\":true,\"valueName\":\"search_term_string\"}}],\"inLanguage\":\"de\"},{\"@type\":\"Organization\",\"@id\":\"https:\/\/www.ludwig-von-kapff.de\/blog\/#organization\",\"name\":\"Ludwigs Weinblog\",\"url\":\"https:\/\/www.ludwig-von-kapff.de\/blog\/\",\"logo\":{\"@type\":\"ImageObject\",\"inLanguage\":\"de\",\"@id\":\"https:\/\/www.ludwig-von-kapff.de\/blog\/#\/schema\/logo\/image\/\",\"url\":\"https:\/\/www.ludwig-von-kapff.de\/blog\/wp-content\/uploads\/2023\/01\/cropped-lvk_weinblog_logo-linksbuendig.png\",\"contentUrl\":\"https:\/\/www.ludwig-von-kapff.de\/blog\/wp-content\/uploads\/2023\/01\/cropped-lvk_weinblog_logo-linksbuendig.png\",\"width\":496,\"height\":100,\"caption\":\"Ludwigs Weinblog\"},\"image\":{\"@id\":\"https:\/\/www.ludwig-von-kapff.de\/blog\/#\/schema\/logo\/image\/\"},\"sameAs\":[\"https:\/\/de-de.facebook.com\/ludwigvonkapff\/\",\"https:\/\/x.com\/ludwigvonkapff\",\"https:\/\/www.instagram.com\/ludwigvonkapff\/\",\"https:\/\/www.pinterest.de\/ludwigvonkapff\/\"]},{\"@type\":\"Person\",\"@id\":\"https:\/\/www.ludwig-von-kapff.de\/blog\/#\/schema\/person\/7117d9394e0cbf5ca5d31654d6955282\",\"name\":\"Jascha de Bloom\",\"image\":{\"@type\":\"ImageObject\",\"inLanguage\":\"de\",\"@id\":\"https:\/\/www.ludwig-von-kapff.de\/blog\/#\/schema\/person\/image\/\",\"url\":\"https:\/\/www.ludwig-von-kapff.de\/blog\/wp-content\/uploads\/2026\/07\/portrait-jascha-de-bloom.jpg\",\"contentUrl\":\"https:\/\/www.ludwig-von-kapff.de\/blog\/wp-content\/uploads\/2026\/07\/portrait-jascha-de-bloom.jpg\",\"caption\":\"Jascha de Bloom\"},\"url\":\"https:\/\/www.ludwig-von-kapff.de\/blog\/author\/jascha\"},{\"@type\":\"Question\",\"@id\":\"https:\/\/www.ludwig-von-kapff.de\/blog\/welcher-wein-passt-zu-flammkuchen#faq-question-1787824960161\",\"position\":1,\"url\":\"https:\/\/www.ludwig-von-kapff.de\/blog\/welcher-wein-passt-zu-flammkuchen#faq-question-1787824960161\",\"name\":\"Was trinkt man zu Flammkuchen?\",\"answerCount\":1,\"acceptedAnswer\":{\"@type\":\"Answer\",\"text\":\"Zum klassischen Flammkuchen mit Speck und Zwiebeln passt ein trockener Wei\u00dfburgunder oder ein lebendiger Riesling. Je nach Belag eignen sich auch Grauburgunder, Ros\u00e9, Cr\u00e9mant oder Gew\u00fcrztraminer.\",\"inLanguage\":\"de\"},\"inLanguage\":\"de\"},{\"@type\":\"Question\",\"@id\":\"https:\/\/www.ludwig-von-kapff.de\/blog\/welcher-wein-passt-zu-flammkuchen#faq-question-1787824971524\",\"position\":2,\"url\":\"https:\/\/www.ludwig-von-kapff.de\/blog\/welcher-wein-passt-zu-flammkuchen#faq-question-1787824971524\",\"name\":\"Was passt am besten zu Flammkuchen?\",\"answerCount\":1,\"acceptedAnswer\":{\"@type\":\"Answer\",\"text\":\"Am besten passt ein Wein mit einer ausgepr\u00e4gten S\u00e4ure, die das Fett von Speck und Cr\u00e8me fra\u00eeche ausgleicht. Wei\u00dfburgunder und Riesling erf\u00fcllen diese Anforderung besonders gut.\",\"inLanguage\":\"de\"},\"inLanguage\":\"de\"},{\"@type\":\"Question\",\"@id\":\"https:\/\/www.ludwig-von-kapff.de\/blog\/welcher-wein-passt-zu-flammkuchen#faq-question-1787824985780\",\"position\":3,\"url\":\"https:\/\/www.ludwig-von-kapff.de\/blog\/welcher-wein-passt-zu-flammkuchen#faq-question-1787824985780\",\"name\":\"Passt Rotwein zu Flammkuchen?\",\"answerCount\":1,\"acceptedAnswer\":{\"@type\":\"Answer\",\"text\":\"Rotwein passt eingeschr\u00e4nkt, weil kr\u00e4ftige Tannine die filigrane Kruste \u00fcberdecken. Ein saftiger Cabernet Sauvignon oder ein weicher Merlot funktioniert jedoch als tanninarme Alternative.\",\"inLanguage\":\"de\"},\"inLanguage\":\"de\"},{\"@type\":\"Question\",\"@id\":\"https:\/\/www.ludwig-von-kapff.de\/blog\/welcher-wein-passt-zu-flammkuchen#faq-question-1787824991901\",\"position\":4,\"url\":\"https:\/\/www.ludwig-von-kapff.de\/blog\/welcher-wein-passt-zu-flammkuchen#faq-question-1787824991901\",\"name\":\"Welcher Wein passt zu vegetarischem Flammkuchen?\",\"answerCount\":1,\"acceptedAnswer\":{\"@type\":\"Answer\",\"text\":\"Zu vegetarischem Flammkuchen mit Gem\u00fcse oder Kr\u00e4utern passt ein schlanker Grauburgunder oder ein frischer Ros\u00e9, der die milden R\u00f6staromen unterstreicht.\",\"inLanguage\":\"de\"},\"inLanguage\":\"de\"}]}<\/script>\n<!-- \/ Yoast SEO plugin. -->","yoast_head_json":{"title":"Welcher Wein passt zu Flammkuchen? | Ludwig von Kapff","description":"Bei Ludwig von Kapff den passenden Wein zu Flammkuchen finden \u2713 Die richtige Empfehlung je nach Belag \u00bb Jetzt Food-Pairing-Tipps holen.","robots":{"index":"index","follow":"follow","max-snippet":"max-snippet:-1","max-image-preview":"max-image-preview:large","max-video-preview":"max-video-preview:-1"},"canonical":"https:\/\/www.ludwig-von-kapff.de\/blog\/welcher-wein-passt-zu-flammkuchen","og_locale":"de_DE","og_type":"article","og_title":"Welcher Wein passt zu Flammkuchen? | Ludwig von Kapff","og_description":"Bei Ludwig von Kapff den passenden Wein zu Flammkuchen finden \u2713 Die richtige Empfehlung je nach Belag \u00bb Jetzt Food-Pairing-Tipps holen.","og_url":"https:\/\/www.ludwig-von-kapff.de\/blog\/welcher-wein-passt-zu-flammkuchen","og_site_name":"Ludwigs Weinblog","article_publisher":"https:\/\/de-de.facebook.com\/ludwigvonkapff\/","article_published_time":"2026-08-27T11:03:52+00:00","og_image":[{"width":1200,"height":800,"url":"https:\/\/www.ludwig-von-kapff.de\/blog\/wp-content\/uploads\/2026\/08\/elsaesser-flammkuchen-holzbrett-glas-weisswein.jpg","type":"image\/jpeg"}],"author":"Jascha de Bloom","twitter_card":"summary_large_image","twitter_creator":"@ludwigvonkapff","twitter_site":"@ludwigvonkapff","twitter_misc":{"Verfasst von":"Jascha de Bloom","Gesch\u00e4tzte Lesezeit":"5\u00a0Minuten"},"schema":{"@context":"https:\/\/schema.org","@graph":[{"@type":"Article","@id":"https:\/\/www.ludwig-von-kapff.de\/blog\/welcher-wein-passt-zu-flammkuchen#article","isPartOf":{"@id":"https:\/\/www.ludwig-von-kapff.de\/blog\/welcher-wein-passt-zu-flammkuchen"},"author":{"name":"Jascha de Bloom","@id":"https:\/\/www.ludwig-von-kapff.de\/blog\/#\/schema\/person\/7117d9394e0cbf5ca5d31654d6955282"},"headline":"Welcher Wein passt zu Flammkuchen?","datePublished":"2026-08-27T11:03:52+00:00","mainEntityOfPage":{"@id":"https:\/\/www.ludwig-von-kapff.de\/blog\/welcher-wein-passt-zu-flammkuchen"},"wordCount":763,"publisher":{"@id":"https:\/\/www.ludwig-von-kapff.de\/blog\/#organization"},"image":{"@id":"https:\/\/www.ludwig-von-kapff.de\/blog\/welcher-wein-passt-zu-flammkuchen#primaryimage"},"thumbnailUrl":"https:\/\/www.ludwig-von-kapff.de\/blog\/wp-content\/uploads\/2026\/08\/elsaesser-flammkuchen-holzbrett-glas-weisswein.jpg","articleSection":["Welcher Wein passt zu\u2026"],"inLanguage":"de"},{"@type":["WebPage","FAQPage"],"@id":"https:\/\/www.ludwig-von-kapff.de\/blog\/welcher-wein-passt-zu-flammkuchen","url":"https:\/\/www.ludwig-von-kapff.de\/blog\/welcher-wein-passt-zu-flammkuchen","name":"Welcher Wein passt zu Flammkuchen? | Ludwig von Kapff","isPartOf":{"@id":"https:\/\/www.ludwig-von-kapff.de\/blog\/#website"},"primaryImageOfPage":{"@id":"https:\/\/www.ludwig-von-kapff.de\/blog\/welcher-wein-passt-zu-flammkuchen#primaryimage"},"image":{"@id":"https:\/\/www.ludwig-von-kapff.de\/blog\/welcher-wein-passt-zu-flammkuchen#primaryimage"},"thumbnailUrl":"https:\/\/www.ludwig-von-kapff.de\/blog\/wp-content\/uploads\/2026\/08\/elsaesser-flammkuchen-holzbrett-glas-weisswein.jpg","datePublished":"2026-08-27T11:03:52+00:00","description":"Bei Ludwig von Kapff den passenden Wein zu Flammkuchen finden \u2713 Die richtige Empfehlung je nach Belag \u00bb Jetzt Food-Pairing-Tipps holen.","mainEntity":[{"@id":"https:\/\/www.ludwig-von-kapff.de\/blog\/welcher-wein-passt-zu-flammkuchen#faq-question-1787824960161"},{"@id":"https:\/\/www.ludwig-von-kapff.de\/blog\/welcher-wein-passt-zu-flammkuchen#faq-question-1787824971524"},{"@id":"https:\/\/www.ludwig-von-kapff.de\/blog\/welcher-wein-passt-zu-flammkuchen#faq-question-1787824985780"},{"@id":"https:\/\/www.ludwig-von-kapff.de\/blog\/welcher-wein-passt-zu-flammkuchen#faq-question-1787824991901"}],"inLanguage":"de","potentialAction":[{"@type":"ReadAction","target":["https:\/\/www.ludwig-von-kapff.de\/blog\/welcher-wein-passt-zu-flammkuchen"]}]},{"@type":"ImageObject","inLanguage":"de","@id":"https:\/\/www.ludwig-von-kapff.de\/blog\/welcher-wein-passt-zu-flammkuchen#primaryimage","url":"https:\/\/www.ludwig-von-kapff.de\/blog\/wp-content\/uploads\/2026\/08\/elsaesser-flammkuchen-holzbrett-glas-weisswein.jpg","contentUrl":"https:\/\/www.ludwig-von-kapff.de\/blog\/wp-content\/uploads\/2026\/08\/elsaesser-flammkuchen-holzbrett-glas-weisswein.jpg","width":1200,"height":800,"caption":"Zwei Els\u00e4sser Flammkuchen auf Holzbrett mit einem Glas Wei\u00dfwein."},{"@type":"WebSite","@id":"https:\/\/www.ludwig-von-kapff.de\/blog\/#website","url":"https:\/\/www.ludwig-von-kapff.de\/blog\/","name":"Ludwigs Weinblog","description":"Alles rund um die Themen Wein und Genuss.","publisher":{"@id":"https:\/\/www.ludwig-von-kapff.de\/blog\/#organization"},"potentialAction":[{"@type":"SearchAction","target":{"@type":"EntryPoint","urlTemplate":"https:\/\/www.ludwig-von-kapff.de\/blog\/?s={search_term_string}"},"query-input":{"@type":"PropertyValueSpecification","valueRequired":true,"valueName":"search_term_string"}}],"inLanguage":"de"},{"@type":"Organization","@id":"https:\/\/www.ludwig-von-kapff.de\/blog\/#organization","name":"Ludwigs Weinblog","url":"https:\/\/www.ludwig-von-kapff.de\/blog\/","logo":{"@type":"ImageObject","inLanguage":"de","@id":"https:\/\/www.ludwig-von-kapff.de\/blog\/#\/schema\/logo\/image\/","url":"https:\/\/www.ludwig-von-kapff.de\/blog\/wp-content\/uploads\/2023\/01\/cropped-lvk_weinblog_logo-linksbuendig.png","contentUrl":"https:\/\/www.ludwig-von-kapff.de\/blog\/wp-content\/uploads\/2023\/01\/cropped-lvk_weinblog_logo-linksbuendig.png","width":496,"height":100,"caption":"Ludwigs Weinblog"},"image":{"@id":"https:\/\/www.ludwig-von-kapff.de\/blog\/#\/schema\/logo\/image\/"},"sameAs":["https:\/\/de-de.facebook.com\/ludwigvonkapff\/","https:\/\/x.com\/ludwigvonkapff","https:\/\/www.instagram.com\/ludwigvonkapff\/","https:\/\/www.pinterest.de\/ludwigvonkapff\/"]},{"@type":"Person","@id":"https:\/\/www.ludwig-von-kapff.de\/blog\/#\/schema\/person\/7117d9394e0cbf5ca5d31654d6955282","name":"Jascha de Bloom","image":{"@type":"ImageObject","inLanguage":"de","@id":"https:\/\/www.ludwig-von-kapff.de\/blog\/#\/schema\/person\/image\/","url":"https:\/\/www.ludwig-von-kapff.de\/blog\/wp-content\/uploads\/2026\/07\/portrait-jascha-de-bloom.jpg","contentUrl":"https:\/\/www.ludwig-von-kapff.de\/blog\/wp-content\/uploads\/2026\/07\/portrait-jascha-de-bloom.jpg","caption":"Jascha de Bloom"},"url":"https:\/\/www.ludwig-von-kapff.de\/blog\/author\/jascha"},{"@type":"Question","@id":"https:\/\/www.ludwig-von-kapff.de\/blog\/welcher-wein-passt-zu-flammkuchen#faq-question-1787824960161","position":1,"url":"https:\/\/www.ludwig-von-kapff.de\/blog\/welcher-wein-passt-zu-flammkuchen#faq-question-1787824960161","name":"Was trinkt man zu Flammkuchen?","answerCount":1,"acceptedAnswer":{"@type":"Answer","text":"Zum klassischen Flammkuchen mit Speck und Zwiebeln passt ein trockener Wei\u00dfburgunder oder ein lebendiger Riesling. Je nach Belag eignen sich auch Grauburgunder, Ros\u00e9, Cr\u00e9mant oder Gew\u00fcrztraminer.","inLanguage":"de"},"inLanguage":"de"},{"@type":"Question","@id":"https:\/\/www.ludwig-von-kapff.de\/blog\/welcher-wein-passt-zu-flammkuchen#faq-question-1787824971524","position":2,"url":"https:\/\/www.ludwig-von-kapff.de\/blog\/welcher-wein-passt-zu-flammkuchen#faq-question-1787824971524","name":"Was passt am besten zu Flammkuchen?","answerCount":1,"acceptedAnswer":{"@type":"Answer","text":"Am besten passt ein Wein mit einer ausgepr\u00e4gten S\u00e4ure, die das Fett von Speck und Cr\u00e8me fra\u00eeche ausgleicht. Wei\u00dfburgunder und Riesling erf\u00fcllen diese Anforderung besonders gut.","inLanguage":"de"},"inLanguage":"de"},{"@type":"Question","@id":"https:\/\/www.ludwig-von-kapff.de\/blog\/welcher-wein-passt-zu-flammkuchen#faq-question-1787824985780","position":3,"url":"https:\/\/www.ludwig-von-kapff.de\/blog\/welcher-wein-passt-zu-flammkuchen#faq-question-1787824985780","name":"Passt Rotwein zu Flammkuchen?","answerCount":1,"acceptedAnswer":{"@type":"Answer","text":"Rotwein passt eingeschr\u00e4nkt, weil kr\u00e4ftige Tannine die filigrane Kruste \u00fcberdecken. Ein saftiger Cabernet Sauvignon oder ein weicher Merlot funktioniert jedoch als tanninarme Alternative.","inLanguage":"de"},"inLanguage":"de"},{"@type":"Question","@id":"https:\/\/www.ludwig-von-kapff.de\/blog\/welcher-wein-passt-zu-flammkuchen#faq-question-1787824991901","position":4,"url":"https:\/\/www.ludwig-von-kapff.de\/blog\/welcher-wein-passt-zu-flammkuchen#faq-question-1787824991901","name":"Welcher Wein passt zu vegetarischem Flammkuchen?","answerCount":1,"acceptedAnswer":{"@type":"Answer","text":"Zu vegetarischem Flammkuchen mit Gem\u00fcse oder Kr\u00e4utern passt ein schlanker Grauburgunder oder ein frischer Ros\u00e9, der die milden R\u00f6staromen unterstreicht.","inLanguage":"de"},"inLanguage":"de"}]}},"jetpack_featured_media_url":"https:\/\/www.ludwig-von-kapff.de\/blog\/wp-content\/uploads\/2026\/08\/elsaesser-flammkuchen-holzbrett-glas-weisswein.jpg","_links":{"self":[{"href":"https:\/\/www.ludwig-von-kapff.de\/blog\/wp-json\/wp\/v2\/posts\/7535","targetHints":{"allow":["GET"]}}],"collection":[{"href":"https:\/\/www.ludwig-von-kapff.de\/blog\/wp-json\/wp\/v2\/posts"}],"about":[{"href":"https:\/\/www.ludwig-von-kapff.de\/blog\/wp-json\/wp\/v2\/types\/post"}],"author":[{"embeddable":true,"href":"https:\/\/www.ludwig-von-kapff.de\/blog\/wp-json\/wp\/v2\/users\/68"}],"replies":[{"embeddable":true,"href":"https:\/\/www.ludwig-von-kapff.de\/blog\/wp-json\/wp\/v2\/comments?post=7535"}],"version-history":[{"count":3,"href":"https:\/\/www.ludwig-von-kapff.de\/blog\/wp-json\/wp\/v2\/posts\/7535\/revisions"}],"predecessor-version":[{"id":7540,"href":"https:\/\/www.ludwig-von-kapff.de\/blog\/wp-json\/wp\/v2\/posts\/7535\/revisions\/7540"}],"wp:featuredmedia":[{"embeddable":true,"href":"https:\/\/www.ludwig-von-kapff.de\/blog\/wp-json\/wp\/v2\/media\/7538"}],"wp:attachment":[{"href":"https:\/\/www.ludwig-von-kapff.de\/blog\/wp-json\/wp\/v2\/media?parent=7535"}],"wp:term":[{"taxonomy":"category","embeddable":true,"href":"https:\/\/www.ludwig-von-kapff.de\/blog\/wp-json\/wp\/v2\/categories?post=7535"},{"taxonomy":"post_tag","embeddable":true,"href":"https:\/\/www.ludwig-von-kapff.de\/blog\/wp-json\/wp\/v2\/tags?post=7535"}],"curies":[{"name":"wp","href":"https:\/\/api.w.org\/{rel}","templated":true}]}}