{"id":7553,"date":"2026-08-27T12:53:24","date_gmt":"2026-08-27T12:53:24","guid":{"rendered":"https:\/\/www.ludwig-von-kapff.de\/blog\/?p=7553"},"modified":"2026-08-27T14:11:47","modified_gmt":"2026-08-27T14:11:47","slug":"welcher-wein-eignet-sich-zum-kochen","status":"publish","type":"post","link":"https:\/\/www.ludwig-von-kapff.de\/blog\/welcher-wein-eignet-sich-zum-kochen","title":{"rendered":"Welcher Wein eignet sich zum Kochen?"},"content":{"rendered":"\n<p class=\"wp-block-paragraph\">Die kurze Antwort:&nbsp;Zum Kochen eignet sich am besten <strong>ein trockener Wein, der auch pur schmeckt<\/strong>. Spezielle, im Handel abgef\u00fcllte Kochweine mit Salz- oder Konservierungszus\u00e4tzen sind keine empfehlenswerte Wahl. Als Grundregel gilt: <strong>Wei\u00dfwein f\u00fcr helle Gerichte<\/strong> wie Fisch, Gefl\u00fcgel und Risotto, <strong>Rotwein f\u00fcr dunkle Gerichte<\/strong> wie Gulasch, Schmorbraten und Tomatenso\u00dfen.&nbsp;Entscheidend sind ein trockener Ausbau und moderate Tannine, denn Restzucker macht So\u00dfen unangenehm s\u00fc\u00df und kr\u00e4ftige Gerbstoffe werden beim Einkochen bitter.<\/p>\n\n\n\n<ol class=\"wp-block-list\">\n<li><a href=\"#warum-die-wahl-des-weins-beim-kochen-eine-rolle-spielt\">Warum die Wahl des Weins beim Kochen eine Rolle spielt<\/a><\/li>\n\n\n\n<li><a href=\"#weisswein-oder-rotwein-die-richtige-wahl-je-gericht\">Wei\u00dfwein oder Rotwein: Die richtige Wahl je Gericht<\/a><\/li>\n\n\n\n<li><a href=\"#worauf-sie-beim-kochwein-achten-sollten\">Worauf Sie beim Kochwein achten sollten<\/a><\/li>\n\n\n\n<li><a href=\"#wein-zum-kochen-aus-dem-sortiment-von-ludwig-von-kapff\">Wein zum Kochen aus dem Sortiment von Ludwig von Kapff<\/a><\/li>\n\n\n\n<li><a href=\"#faq-haeufige-fragen-zum-kochen-mit-wein\">FAQ: H\u00e4ufige Fragen zum Kochen mit Wein<\/a><\/li>\n<\/ol>\n\n\n\n<h2 class=\"wp-block-heading\" id=\"warum-die-wahl-des-weins-beim-kochen-eine-rolle-spielt\">Warum die Wahl des Weins beim Kochen eine Rolle spielt<\/h2>\n\n\n\n<p class=\"wp-block-paragraph\"><strong>Beim Einkochen konzentrieren sich Aromen und S\u00e4ure, aber auch eventuelle Fehler im Wein.<\/strong>&nbsp;Wasser und ein Teil des Alkohols verdunsten, w\u00e4hrend Fruchtaromen, S\u00e4ure und Gerbstoffe zur\u00fcckbleiben und sich in der So\u00dfe verdichten. Ein Wein, der pur schon nicht \u00fcberzeugt, wird durch das Kochen nicht besser. Im Gegenteil: Seine Schw\u00e4chen treten deutlicher zutage.<\/p>\n\n\n\n<p class=\"wp-block-paragraph\"><strong>Speziell abgef\u00fcllte \u00bbKochweine\u00ab aus dem Supermarktregal sind deshalb selten die richtige Wahl.<\/strong>&nbsp;Sie enthalten h\u00e4ufig Salz oder andere Zus\u00e4tze, die sie f\u00fcr den direkten Genuss ungeeignet machen, und bringen oft nur wenig eigenen Charakter mit. Wenn Sie ein Gericht mit Wein verfeinern m\u00f6chten, <strong>greifen Sie stattdessen zu einer offenen Flasche aus Ihrem regul\u00e4ren Bestand<\/strong> \u2013 am besten zu demselben Wein, den Sie sp\u00e4ter auch zum Essen reichen.<\/p>\n\n\n\n<h2 class=\"wp-block-heading\" id=\"weisswein-oder-rotwein-die-richtige-wahl-je-gericht\">Wei\u00dfwein oder Rotwein: Die richtige Wahl je Gericht<\/h2>\n\n\n\n<p class=\"wp-block-paragraph\"><strong>Als Grundregel orientieren Sie sich an der Farbe des Gerichts:<\/strong>&nbsp;Wei\u00dfwein passt zu hellen Speisen, Rotwein zu dunklen. Innerhalb dieser beiden Kategorien entscheidet vor allem die Gewichtigkeit der So\u00dfe oder des Schmorguts, welche Rebsorte sich am besten eignet.<\/p>\n\n\n\n<ul class=\"wp-block-list\">\n<li><strong>Fisch, Gefl\u00fcgel und helle So\u00dfen:<\/strong>&nbsp;Ein trockener Riesling bringt eine frische S\u00e4ure mit, die helle Gerichte auflockert, ohne sie zu \u00fcberdecken.<\/li>\n\n\n\n<li><strong>Meeresfr\u00fcchte und feine So\u00dfen:<\/strong>&nbsp;Pinot Grigio oder Sauvignon Blanc harmonieren mit zarten Aromen und bleiben dabei unaufdringlich im Geschmack.<\/li>\n\n\n\n<li><strong>Cremige Gefl\u00fcgelso\u00dfen und Risotto:<\/strong>&nbsp;Ein Chardonnay mit weichem Schmelz bindet sich harmonisch in sahnige oder buttrige Zubereitungen ein.<\/li>\n\n\n\n<li><strong>Gulasch und Schmorgerichte:<\/strong>&nbsp;Merlot oder Pinot Noir bringen Frucht mit, ohne durch zu viele Gerbstoffe bitter zu werden.<\/li>\n\n\n\n<li><strong>Tomatenso\u00dfen und kr\u00e4ftige Fleischgerichte:<\/strong>&nbsp;Tempranillo oder ein Chianti begleiten die S\u00e4ure der Tomaten und die W\u00fcrze von Schmorbraten oder Ragout.<\/li>\n<\/ul>\n\n\n\n<p class=\"wp-block-paragraph\">Wenn Sie eine So\u00dfe mit Wein abl\u00f6schen, richten Sie sich nach demselben Prinzip: Zu hell angebratenem Fleisch oder Fisch passt ein trockener Wei\u00dfwein, zu kr\u00e4ftig angebratenem Fleisch mit R\u00f6staromen ein Rotwein mit moderaten Tanninen.<\/p>\n\n\n\n<figure class=\"wp-block-image size-large\"><img loading=\"lazy\" decoding=\"async\" width=\"1024\" height=\"576\" src=\"https:\/\/www.ludwig-von-kapff.de\/blog\/wp-content\/uploads\/2026\/08\/koch-weisswein-kochtopf-gemuese-1024x576.jpg\" alt=\"Ein Koch gie\u00dft Wei\u00dfwein aus einem Glas in einen Kochtopf.\" class=\"wp-image-7557\" srcset=\"https:\/\/www.ludwig-von-kapff.de\/blog\/wp-content\/uploads\/2026\/08\/koch-weisswein-kochtopf-gemuese-1024x576.jpg 1024w, https:\/\/www.ludwig-von-kapff.de\/blog\/wp-content\/uploads\/2026\/08\/koch-weisswein-kochtopf-gemuese-300x169.jpg 300w, https:\/\/www.ludwig-von-kapff.de\/blog\/wp-content\/uploads\/2026\/08\/koch-weisswein-kochtopf-gemuese-768x432.jpg 768w, https:\/\/www.ludwig-von-kapff.de\/blog\/wp-content\/uploads\/2026\/08\/koch-weisswein-kochtopf-gemuese-178x100.jpg 178w, https:\/\/www.ludwig-von-kapff.de\/blog\/wp-content\/uploads\/2026\/08\/koch-weisswein-kochtopf-gemuese.jpg 1200w\" sizes=\"auto, (max-width: 1024px) 100vw, 1024px\" \/><\/figure>\n\n\n\n<h2 class=\"wp-block-heading\" id=\"worauf-sie-beim-kochwein-achten-sollten\">Worauf Sie beim Kochwein achten sollten<\/h2>\n\n\n\n<p class=\"wp-block-paragraph\"><strong>Trocken statt s\u00fc\u00df ist die wichtigste Regel beim Kochen mit Wein.<\/strong>&nbsp;Restzucker verst\u00e4rkt sich beim Einkochen zus\u00e4tzlich, sodass eine So\u00dfe schnell unangenehm s\u00fc\u00dflich statt ausbalanciert schmeckt. F\u00fcr Schmorgerichte, So\u00dfen und Risotto greifen Sie deshalb stets zu einem trockenen Wein.<\/p>\n\n\n\n<p class=\"wp-block-paragraph\"><strong>Auch die Tanninmenge verdient Aufmerksamkeit.<\/strong>&nbsp;Stark holzbetonte, tanninreiche Rotweine werden beim Einkochen bitter, weil sich die Gerbstoffe mit der Zeit weiter konzentrieren. Ein Wein mit moderaten Tanninen wie Merlot oder Pinot Noir eignet sich f\u00fcr die K\u00fcche deshalb besser als ein sehr kr\u00e4ftiger, im Barrique gereifter Rotwein. In K\u00fcrze:<\/p>\n\n\n\n<ul class=\"wp-block-list\">\n<li>Verwenden Sie einen <strong>trockenen Wein<\/strong>, dessen Restzucker nicht in den Vordergrund tritt.<\/li>\n\n\n\n<li>W\u00e4hlen Sie <strong>f\u00fcr Schmorgerichte einen Rotwein mit moderaten statt kr\u00e4ftigen Tanninen<\/strong>.<\/li>\n\n\n\n<li>Lassen Sie den Wein <strong>ausreichend einkochen<\/strong>, damit sich die S\u00e4ure abmildert und in die So\u00dfe einbindet.<\/li>\n\n\n\n<li>Setzen Sie <strong>nur so viel Wein ein, wie das Gericht tats\u00e4chlich braucht<\/strong>, damit er die anderen Zutaten unterst\u00fctzt statt \u00fcberdeckt.<\/li>\n<\/ul>\n\n\n\n<h2 class=\"wp-block-heading\" id=\"wein-zum-kochen-aus-dem-sortiment-von-ludwig-von-kapff\">Wein zum Kochen aus dem Sortiment von Ludwig von Kapff<\/h2>\n\n\n\n<p class=\"wp-block-paragraph\">F\u00fcr den puren Genuss, aber auch f\u00fcr helle Gerichte wie Fisch und cremige So\u00dfen eignen sich verschiedene trockene Wei\u00dfweine aus dem Sortiment von Ludwig von Kapff.&nbsp;Unser <a href=\"https:\/\/www.ludwig-von-kapff.de\/weisswein.html\">Wei\u00dfwein<\/a>-Sortiment h\u00e4lt trockene Rieslinge, Sauvignon Blancs und Chardonnays f\u00fcr K\u00fcche und Tisch gleicherma\u00dfen bereit.&nbsp;F\u00fcr Schmorgerichte, Gulasch und Tomatenso\u00dfen bieten sich <a href=\"https:\/\/www.ludwig-von-kapff.de\/rotwein.html\">Rotweine<\/a>&nbsp;wie Merlots, Pinot Noirs und mediterrane Abf\u00fcllungen an.<\/p>\n\n\n\n<p class=\"wp-block-paragraph\">Wenn Sie unsicher sind, welcher Wein zu Ihrem Gericht passt, hilft Ihnen&nbsp;<a href=\"https:\/\/www.ludwig-von-kapff.de\/ludwigs-weinberater\">Ludwigs Weinberater<\/a>&nbsp;bei der Auswahl. Lesen Sie gerne auch unsere weiteren Ratgeber zum Thema Speisebegleitung \u2013 zum Beispiel&nbsp;\u201e<a href=\"https:\/\/www.ludwig-von-kapff.de\/blog\/welcher-wein-passt-zu-pizza-und-pasta\">Welcher Wein passt zu Pizza und Pasta?<\/a>\u201c<\/p>\n\n\n\n<h2 class=\"wp-block-heading\" id=\"faq-haeufige-fragen-zum-kochen-mit-wein\">FAQ: H\u00e4ufige Fragen zum Kochen mit Wein<\/h2>\n\n\n\n<div class=\"schema-faq wp-block-yoast-faq-block\"><div class=\"schema-faq-section\" id=\"faq-question-1787833721497\"><strong class=\"schema-faq-question\">Welchen Wein nimmt man f\u00fcr So\u00dfe?<\/strong> <p class=\"schema-faq-answer\">F\u00fcr helle Rahm- oder Butterso\u00dfen passt ein trockener Wei\u00dfwein wie Riesling oder Chardonnay, f\u00fcr Tomaten- oder Bratenso\u00dfen hingegen ein Rotwein mit moderaten Tanninen wie Merlot oder Pinot Noir.<\/p> <\/div> <div class=\"schema-faq-section\" id=\"faq-question-1787833732549\"><strong class=\"schema-faq-question\">Welcher Wein eignet sich zum Abl\u00f6schen?<\/strong> <p class=\"schema-faq-answer\">Zum Abl\u00f6schen eignet sich ein trockener Wein, der zur Farbe des Gerichts passt: Wei\u00dfwein f\u00fcr Fisch und Gefl\u00fcgel, Rotwein f\u00fcr kr\u00e4ftig angebratenes Fleisch mit R\u00f6staromen.<\/p> <\/div> <div class=\"schema-faq-section\" id=\"faq-question-1787833743589\"><strong class=\"schema-faq-question\">Wein zum Kochen: trocken oder lieblich?<\/strong> <p class=\"schema-faq-answer\">Trocken. Ein lieblicher Wein mit Restzucker macht So\u00dfen beim Einkochen unangenehm s\u00fc\u00dflich statt ausbalanciert.<\/p> <\/div> <div class=\"schema-faq-section\" id=\"faq-question-1787833752687\"><strong class=\"schema-faq-question\">Eignet sich Dornfelder zum Kochen?<\/strong> <p class=\"schema-faq-answer\">Ein Dornfelder mit fruchtbetontem Charakter und moderaten Tanninen eignet sich f\u00fcr Schmorgerichte und dunkle So\u00dfen, sofern er trocken ausgebaut ist.<\/p> <\/div> <\/div>\n","protected":false},"excerpt":{"rendered":"<p>Die kurze Antwort:&nbsp;Zum Kochen eignet sich am besten ein trockener Wein, der auch&#8230;<\/p>\n","protected":false},"author":68,"featured_media":7555,"comment_status":"closed","ping_status":"open","sticky":false,"template":"","format":"standard","meta":{"_acf_changed":false,"footnotes":""},"categories":[27],"tags":[],"class_list":["post-7553","post","type-post","status-publish","format-standard","has-post-thumbnail","hentry","category-wein-wissen","wow","fadeIn"],"acf":[],"yoast_head":"<!-- This site is optimized with the Yoast SEO plugin v25.1 - https:\/\/yoast.com\/wordpress\/plugins\/seo\/ -->\n<title>Welcher Wein eignet sich zum Kochen? | Ludwig von Kapff<\/title>\n<meta name=\"description\" content=\"Ludwig von Kapff erkl\u00e4rt, welcher Wein sich f\u00fcr welches Gericht eignet \u2013 und warum \u00bb Jetzt mehr \u00fcber Weine zum Kochen &amp; Abl\u00f6schen erfahren.\" \/>\n<meta name=\"robots\" content=\"index, follow, max-snippet:-1, max-image-preview:large, max-video-preview:-1\" \/>\n<link rel=\"canonical\" href=\"https:\/\/www.ludwig-von-kapff.de\/blog\/welcher-wein-eignet-sich-zum-kochen\" \/>\n<meta property=\"og:locale\" content=\"de_DE\" \/>\n<meta property=\"og:type\" content=\"article\" \/>\n<meta property=\"og:title\" content=\"Welcher Wein eignet sich zum Kochen? | Ludwig von Kapff\" \/>\n<meta property=\"og:description\" content=\"Ludwig von Kapff erkl\u00e4rt, welcher Wein sich f\u00fcr welches Gericht eignet \u2013 und warum \u00bb Jetzt mehr \u00fcber Weine zum Kochen &amp; Abl\u00f6schen erfahren.\" \/>\n<meta property=\"og:url\" content=\"https:\/\/www.ludwig-von-kapff.de\/blog\/welcher-wein-eignet-sich-zum-kochen\" \/>\n<meta property=\"og:site_name\" content=\"Ludwigs Weinblog\" \/>\n<meta property=\"article:publisher\" content=\"https:\/\/de-de.facebook.com\/ludwigvonkapff\/\" \/>\n<meta property=\"article:published_time\" content=\"2026-08-27T12:53:24+00:00\" \/>\n<meta property=\"article:modified_time\" content=\"2026-08-27T14:11:47+00:00\" \/>\n<meta property=\"og:image\" content=\"https:\/\/www.ludwig-von-kapff.de\/blog\/wp-content\/uploads\/2026\/08\/rotwein-flasche-topf-gulasch.jpg\" \/>\n\t<meta property=\"og:image:width\" content=\"1200\" \/>\n\t<meta property=\"og:image:height\" content=\"800\" \/>\n\t<meta property=\"og:image:type\" content=\"image\/jpeg\" \/>\n<meta name=\"author\" content=\"Jascha de Bloom\" \/>\n<meta name=\"twitter:card\" content=\"summary_large_image\" \/>\n<meta name=\"twitter:creator\" content=\"@ludwigvonkapff\" \/>\n<meta name=\"twitter:site\" content=\"@ludwigvonkapff\" \/>\n<meta name=\"twitter:label1\" content=\"Verfasst von\" \/>\n\t<meta name=\"twitter:data1\" content=\"Jascha de Bloom\" \/>\n\t<meta name=\"twitter:label2\" content=\"Gesch\u00e4tzte Lesezeit\" \/>\n\t<meta name=\"twitter:data2\" content=\"5\u00a0Minuten\" \/>\n<script type=\"application\/ld+json\" class=\"yoast-schema-graph\">{\"@context\":\"https:\/\/schema.org\",\"@graph\":[{\"@type\":\"Article\",\"@id\":\"https:\/\/www.ludwig-von-kapff.de\/blog\/welcher-wein-eignet-sich-zum-kochen#article\",\"isPartOf\":{\"@id\":\"https:\/\/www.ludwig-von-kapff.de\/blog\/welcher-wein-eignet-sich-zum-kochen\"},\"author\":{\"name\":\"Jascha de Bloom\",\"@id\":\"https:\/\/www.ludwig-von-kapff.de\/blog\/#\/schema\/person\/7117d9394e0cbf5ca5d31654d6955282\"},\"headline\":\"Welcher Wein eignet sich zum Kochen?\",\"datePublished\":\"2026-08-27T12:53:24+00:00\",\"dateModified\":\"2026-08-27T14:11:47+00:00\",\"mainEntityOfPage\":{\"@id\":\"https:\/\/www.ludwig-von-kapff.de\/blog\/welcher-wein-eignet-sich-zum-kochen\"},\"wordCount\":905,\"publisher\":{\"@id\":\"https:\/\/www.ludwig-von-kapff.de\/blog\/#organization\"},\"image\":{\"@id\":\"https:\/\/www.ludwig-von-kapff.de\/blog\/welcher-wein-eignet-sich-zum-kochen#primaryimage\"},\"thumbnailUrl\":\"https:\/\/www.ludwig-von-kapff.de\/blog\/wp-content\/uploads\/2026\/08\/rotwein-flasche-topf-gulasch.jpg\",\"articleSection\":[\"Wein Wissen\"],\"inLanguage\":\"de\"},{\"@type\":[\"WebPage\",\"FAQPage\"],\"@id\":\"https:\/\/www.ludwig-von-kapff.de\/blog\/welcher-wein-eignet-sich-zum-kochen\",\"url\":\"https:\/\/www.ludwig-von-kapff.de\/blog\/welcher-wein-eignet-sich-zum-kochen\",\"name\":\"Welcher Wein eignet sich zum Kochen? | Ludwig von Kapff\",\"isPartOf\":{\"@id\":\"https:\/\/www.ludwig-von-kapff.de\/blog\/#website\"},\"primaryImageOfPage\":{\"@id\":\"https:\/\/www.ludwig-von-kapff.de\/blog\/welcher-wein-eignet-sich-zum-kochen#primaryimage\"},\"image\":{\"@id\":\"https:\/\/www.ludwig-von-kapff.de\/blog\/welcher-wein-eignet-sich-zum-kochen#primaryimage\"},\"thumbnailUrl\":\"https:\/\/www.ludwig-von-kapff.de\/blog\/wp-content\/uploads\/2026\/08\/rotwein-flasche-topf-gulasch.jpg\",\"datePublished\":\"2026-08-27T12:53:24+00:00\",\"dateModified\":\"2026-08-27T14:11:47+00:00\",\"description\":\"Ludwig von Kapff erkl\u00e4rt, welcher Wein sich f\u00fcr welches Gericht eignet \u2013 und warum \u00bb Jetzt mehr \u00fcber Weine zum Kochen & Abl\u00f6schen erfahren.\",\"mainEntity\":[{\"@id\":\"https:\/\/www.ludwig-von-kapff.de\/blog\/welcher-wein-eignet-sich-zum-kochen#faq-question-1787833721497\"},{\"@id\":\"https:\/\/www.ludwig-von-kapff.de\/blog\/welcher-wein-eignet-sich-zum-kochen#faq-question-1787833732549\"},{\"@id\":\"https:\/\/www.ludwig-von-kapff.de\/blog\/welcher-wein-eignet-sich-zum-kochen#faq-question-1787833743589\"},{\"@id\":\"https:\/\/www.ludwig-von-kapff.de\/blog\/welcher-wein-eignet-sich-zum-kochen#faq-question-1787833752687\"}],\"inLanguage\":\"de\",\"potentialAction\":[{\"@type\":\"ReadAction\",\"target\":[\"https:\/\/www.ludwig-von-kapff.de\/blog\/welcher-wein-eignet-sich-zum-kochen\"]}]},{\"@type\":\"ImageObject\",\"inLanguage\":\"de\",\"@id\":\"https:\/\/www.ludwig-von-kapff.de\/blog\/welcher-wein-eignet-sich-zum-kochen#primaryimage\",\"url\":\"https:\/\/www.ludwig-von-kapff.de\/blog\/wp-content\/uploads\/2026\/08\/rotwein-flasche-topf-gulasch.jpg\",\"contentUrl\":\"https:\/\/www.ludwig-von-kapff.de\/blog\/wp-content\/uploads\/2026\/08\/rotwein-flasche-topf-gulasch.jpg\",\"width\":1200,\"height\":800,\"caption\":\"Rotwein wird aus einer Flasche in einen Topf mit gebratenem Gulasch gegossen.\"},{\"@type\":\"WebSite\",\"@id\":\"https:\/\/www.ludwig-von-kapff.de\/blog\/#website\",\"url\":\"https:\/\/www.ludwig-von-kapff.de\/blog\/\",\"name\":\"Ludwigs Weinblog\",\"description\":\"Alles rund um die Themen Wein und Genuss.\",\"publisher\":{\"@id\":\"https:\/\/www.ludwig-von-kapff.de\/blog\/#organization\"},\"potentialAction\":[{\"@type\":\"SearchAction\",\"target\":{\"@type\":\"EntryPoint\",\"urlTemplate\":\"https:\/\/www.ludwig-von-kapff.de\/blog\/?s={search_term_string}\"},\"query-input\":{\"@type\":\"PropertyValueSpecification\",\"valueRequired\":true,\"valueName\":\"search_term_string\"}}],\"inLanguage\":\"de\"},{\"@type\":\"Organization\",\"@id\":\"https:\/\/www.ludwig-von-kapff.de\/blog\/#organization\",\"name\":\"Ludwigs Weinblog\",\"url\":\"https:\/\/www.ludwig-von-kapff.de\/blog\/\",\"logo\":{\"@type\":\"ImageObject\",\"inLanguage\":\"de\",\"@id\":\"https:\/\/www.ludwig-von-kapff.de\/blog\/#\/schema\/logo\/image\/\",\"url\":\"https:\/\/www.ludwig-von-kapff.de\/blog\/wp-content\/uploads\/2023\/01\/cropped-lvk_weinblog_logo-linksbuendig.png\",\"contentUrl\":\"https:\/\/www.ludwig-von-kapff.de\/blog\/wp-content\/uploads\/2023\/01\/cropped-lvk_weinblog_logo-linksbuendig.png\",\"width\":496,\"height\":100,\"caption\":\"Ludwigs Weinblog\"},\"image\":{\"@id\":\"https:\/\/www.ludwig-von-kapff.de\/blog\/#\/schema\/logo\/image\/\"},\"sameAs\":[\"https:\/\/de-de.facebook.com\/ludwigvonkapff\/\",\"https:\/\/x.com\/ludwigvonkapff\",\"https:\/\/www.instagram.com\/ludwigvonkapff\/\",\"https:\/\/www.pinterest.de\/ludwigvonkapff\/\"]},{\"@type\":\"Person\",\"@id\":\"https:\/\/www.ludwig-von-kapff.de\/blog\/#\/schema\/person\/7117d9394e0cbf5ca5d31654d6955282\",\"name\":\"Jascha de Bloom\",\"image\":{\"@type\":\"ImageObject\",\"inLanguage\":\"de\",\"@id\":\"https:\/\/www.ludwig-von-kapff.de\/blog\/#\/schema\/person\/image\/\",\"url\":\"https:\/\/www.ludwig-von-kapff.de\/blog\/wp-content\/uploads\/2026\/07\/portrait-jascha-de-bloom.jpg\",\"contentUrl\":\"https:\/\/www.ludwig-von-kapff.de\/blog\/wp-content\/uploads\/2026\/07\/portrait-jascha-de-bloom.jpg\",\"caption\":\"Jascha de Bloom\"},\"url\":\"https:\/\/www.ludwig-von-kapff.de\/blog\/author\/jascha\"},{\"@type\":\"Question\",\"@id\":\"https:\/\/www.ludwig-von-kapff.de\/blog\/welcher-wein-eignet-sich-zum-kochen#faq-question-1787833721497\",\"position\":1,\"url\":\"https:\/\/www.ludwig-von-kapff.de\/blog\/welcher-wein-eignet-sich-zum-kochen#faq-question-1787833721497\",\"name\":\"Welchen Wein nimmt man f\u00fcr So\u00dfe?\",\"answerCount\":1,\"acceptedAnswer\":{\"@type\":\"Answer\",\"text\":\"F\u00fcr helle Rahm- oder Butterso\u00dfen passt ein trockener Wei\u00dfwein wie Riesling oder Chardonnay, f\u00fcr Tomaten- oder Bratenso\u00dfen hingegen ein Rotwein mit moderaten Tanninen wie Merlot oder Pinot Noir.\",\"inLanguage\":\"de\"},\"inLanguage\":\"de\"},{\"@type\":\"Question\",\"@id\":\"https:\/\/www.ludwig-von-kapff.de\/blog\/welcher-wein-eignet-sich-zum-kochen#faq-question-1787833732549\",\"position\":2,\"url\":\"https:\/\/www.ludwig-von-kapff.de\/blog\/welcher-wein-eignet-sich-zum-kochen#faq-question-1787833732549\",\"name\":\"Welcher Wein eignet sich zum Abl\u00f6schen?\",\"answerCount\":1,\"acceptedAnswer\":{\"@type\":\"Answer\",\"text\":\"Zum Abl\u00f6schen eignet sich ein trockener Wein, der zur Farbe des Gerichts passt: Wei\u00dfwein f\u00fcr Fisch und Gefl\u00fcgel, Rotwein f\u00fcr kr\u00e4ftig angebratenes Fleisch mit R\u00f6staromen.\",\"inLanguage\":\"de\"},\"inLanguage\":\"de\"},{\"@type\":\"Question\",\"@id\":\"https:\/\/www.ludwig-von-kapff.de\/blog\/welcher-wein-eignet-sich-zum-kochen#faq-question-1787833743589\",\"position\":3,\"url\":\"https:\/\/www.ludwig-von-kapff.de\/blog\/welcher-wein-eignet-sich-zum-kochen#faq-question-1787833743589\",\"name\":\"Wein zum Kochen: trocken oder lieblich?\",\"answerCount\":1,\"acceptedAnswer\":{\"@type\":\"Answer\",\"text\":\"Trocken. Ein lieblicher Wein mit Restzucker macht So\u00dfen beim Einkochen unangenehm s\u00fc\u00dflich statt ausbalanciert.\",\"inLanguage\":\"de\"},\"inLanguage\":\"de\"},{\"@type\":\"Question\",\"@id\":\"https:\/\/www.ludwig-von-kapff.de\/blog\/welcher-wein-eignet-sich-zum-kochen#faq-question-1787833752687\",\"position\":4,\"url\":\"https:\/\/www.ludwig-von-kapff.de\/blog\/welcher-wein-eignet-sich-zum-kochen#faq-question-1787833752687\",\"name\":\"Eignet sich Dornfelder zum Kochen?\",\"answerCount\":1,\"acceptedAnswer\":{\"@type\":\"Answer\",\"text\":\"Ein Dornfelder mit fruchtbetontem Charakter und moderaten Tanninen eignet sich f\u00fcr Schmorgerichte und dunkle So\u00dfen, sofern er trocken ausgebaut ist.\",\"inLanguage\":\"de\"},\"inLanguage\":\"de\"}]}<\/script>\n<!-- \/ Yoast SEO plugin. -->","yoast_head_json":{"title":"Welcher Wein eignet sich zum Kochen? | Ludwig von Kapff","description":"Ludwig von Kapff erkl\u00e4rt, welcher Wein sich f\u00fcr welches Gericht eignet \u2013 und warum \u00bb Jetzt mehr \u00fcber Weine zum Kochen & Abl\u00f6schen erfahren.","robots":{"index":"index","follow":"follow","max-snippet":"max-snippet:-1","max-image-preview":"max-image-preview:large","max-video-preview":"max-video-preview:-1"},"canonical":"https:\/\/www.ludwig-von-kapff.de\/blog\/welcher-wein-eignet-sich-zum-kochen","og_locale":"de_DE","og_type":"article","og_title":"Welcher Wein eignet sich zum Kochen? | Ludwig von Kapff","og_description":"Ludwig von Kapff erkl\u00e4rt, welcher Wein sich f\u00fcr welches Gericht eignet \u2013 und warum \u00bb Jetzt mehr \u00fcber Weine zum Kochen & Abl\u00f6schen erfahren.","og_url":"https:\/\/www.ludwig-von-kapff.de\/blog\/welcher-wein-eignet-sich-zum-kochen","og_site_name":"Ludwigs Weinblog","article_publisher":"https:\/\/de-de.facebook.com\/ludwigvonkapff\/","article_published_time":"2026-08-27T12:53:24+00:00","article_modified_time":"2026-08-27T14:11:47+00:00","og_image":[{"width":1200,"height":800,"url":"https:\/\/www.ludwig-von-kapff.de\/blog\/wp-content\/uploads\/2026\/08\/rotwein-flasche-topf-gulasch.jpg","type":"image\/jpeg"}],"author":"Jascha de Bloom","twitter_card":"summary_large_image","twitter_creator":"@ludwigvonkapff","twitter_site":"@ludwigvonkapff","twitter_misc":{"Verfasst von":"Jascha de Bloom","Gesch\u00e4tzte Lesezeit":"5\u00a0Minuten"},"schema":{"@context":"https:\/\/schema.org","@graph":[{"@type":"Article","@id":"https:\/\/www.ludwig-von-kapff.de\/blog\/welcher-wein-eignet-sich-zum-kochen#article","isPartOf":{"@id":"https:\/\/www.ludwig-von-kapff.de\/blog\/welcher-wein-eignet-sich-zum-kochen"},"author":{"name":"Jascha de Bloom","@id":"https:\/\/www.ludwig-von-kapff.de\/blog\/#\/schema\/person\/7117d9394e0cbf5ca5d31654d6955282"},"headline":"Welcher Wein eignet sich zum Kochen?","datePublished":"2026-08-27T12:53:24+00:00","dateModified":"2026-08-27T14:11:47+00:00","mainEntityOfPage":{"@id":"https:\/\/www.ludwig-von-kapff.de\/blog\/welcher-wein-eignet-sich-zum-kochen"},"wordCount":905,"publisher":{"@id":"https:\/\/www.ludwig-von-kapff.de\/blog\/#organization"},"image":{"@id":"https:\/\/www.ludwig-von-kapff.de\/blog\/welcher-wein-eignet-sich-zum-kochen#primaryimage"},"thumbnailUrl":"https:\/\/www.ludwig-von-kapff.de\/blog\/wp-content\/uploads\/2026\/08\/rotwein-flasche-topf-gulasch.jpg","articleSection":["Wein Wissen"],"inLanguage":"de"},{"@type":["WebPage","FAQPage"],"@id":"https:\/\/www.ludwig-von-kapff.de\/blog\/welcher-wein-eignet-sich-zum-kochen","url":"https:\/\/www.ludwig-von-kapff.de\/blog\/welcher-wein-eignet-sich-zum-kochen","name":"Welcher Wein eignet sich zum Kochen? | Ludwig von Kapff","isPartOf":{"@id":"https:\/\/www.ludwig-von-kapff.de\/blog\/#website"},"primaryImageOfPage":{"@id":"https:\/\/www.ludwig-von-kapff.de\/blog\/welcher-wein-eignet-sich-zum-kochen#primaryimage"},"image":{"@id":"https:\/\/www.ludwig-von-kapff.de\/blog\/welcher-wein-eignet-sich-zum-kochen#primaryimage"},"thumbnailUrl":"https:\/\/www.ludwig-von-kapff.de\/blog\/wp-content\/uploads\/2026\/08\/rotwein-flasche-topf-gulasch.jpg","datePublished":"2026-08-27T12:53:24+00:00","dateModified":"2026-08-27T14:11:47+00:00","description":"Ludwig von Kapff erkl\u00e4rt, welcher Wein sich f\u00fcr welches Gericht eignet \u2013 und warum \u00bb Jetzt mehr \u00fcber Weine zum Kochen & Abl\u00f6schen erfahren.","mainEntity":[{"@id":"https:\/\/www.ludwig-von-kapff.de\/blog\/welcher-wein-eignet-sich-zum-kochen#faq-question-1787833721497"},{"@id":"https:\/\/www.ludwig-von-kapff.de\/blog\/welcher-wein-eignet-sich-zum-kochen#faq-question-1787833732549"},{"@id":"https:\/\/www.ludwig-von-kapff.de\/blog\/welcher-wein-eignet-sich-zum-kochen#faq-question-1787833743589"},{"@id":"https:\/\/www.ludwig-von-kapff.de\/blog\/welcher-wein-eignet-sich-zum-kochen#faq-question-1787833752687"}],"inLanguage":"de","potentialAction":[{"@type":"ReadAction","target":["https:\/\/www.ludwig-von-kapff.de\/blog\/welcher-wein-eignet-sich-zum-kochen"]}]},{"@type":"ImageObject","inLanguage":"de","@id":"https:\/\/www.ludwig-von-kapff.de\/blog\/welcher-wein-eignet-sich-zum-kochen#primaryimage","url":"https:\/\/www.ludwig-von-kapff.de\/blog\/wp-content\/uploads\/2026\/08\/rotwein-flasche-topf-gulasch.jpg","contentUrl":"https:\/\/www.ludwig-von-kapff.de\/blog\/wp-content\/uploads\/2026\/08\/rotwein-flasche-topf-gulasch.jpg","width":1200,"height":800,"caption":"Rotwein wird aus einer Flasche in einen Topf mit gebratenem Gulasch gegossen."},{"@type":"WebSite","@id":"https:\/\/www.ludwig-von-kapff.de\/blog\/#website","url":"https:\/\/www.ludwig-von-kapff.de\/blog\/","name":"Ludwigs Weinblog","description":"Alles rund um die Themen Wein und Genuss.","publisher":{"@id":"https:\/\/www.ludwig-von-kapff.de\/blog\/#organization"},"potentialAction":[{"@type":"SearchAction","target":{"@type":"EntryPoint","urlTemplate":"https:\/\/www.ludwig-von-kapff.de\/blog\/?s={search_term_string}"},"query-input":{"@type":"PropertyValueSpecification","valueRequired":true,"valueName":"search_term_string"}}],"inLanguage":"de"},{"@type":"Organization","@id":"https:\/\/www.ludwig-von-kapff.de\/blog\/#organization","name":"Ludwigs Weinblog","url":"https:\/\/www.ludwig-von-kapff.de\/blog\/","logo":{"@type":"ImageObject","inLanguage":"de","@id":"https:\/\/www.ludwig-von-kapff.de\/blog\/#\/schema\/logo\/image\/","url":"https:\/\/www.ludwig-von-kapff.de\/blog\/wp-content\/uploads\/2023\/01\/cropped-lvk_weinblog_logo-linksbuendig.png","contentUrl":"https:\/\/www.ludwig-von-kapff.de\/blog\/wp-content\/uploads\/2023\/01\/cropped-lvk_weinblog_logo-linksbuendig.png","width":496,"height":100,"caption":"Ludwigs Weinblog"},"image":{"@id":"https:\/\/www.ludwig-von-kapff.de\/blog\/#\/schema\/logo\/image\/"},"sameAs":["https:\/\/de-de.facebook.com\/ludwigvonkapff\/","https:\/\/x.com\/ludwigvonkapff","https:\/\/www.instagram.com\/ludwigvonkapff\/","https:\/\/www.pinterest.de\/ludwigvonkapff\/"]},{"@type":"Person","@id":"https:\/\/www.ludwig-von-kapff.de\/blog\/#\/schema\/person\/7117d9394e0cbf5ca5d31654d6955282","name":"Jascha de Bloom","image":{"@type":"ImageObject","inLanguage":"de","@id":"https:\/\/www.ludwig-von-kapff.de\/blog\/#\/schema\/person\/image\/","url":"https:\/\/www.ludwig-von-kapff.de\/blog\/wp-content\/uploads\/2026\/07\/portrait-jascha-de-bloom.jpg","contentUrl":"https:\/\/www.ludwig-von-kapff.de\/blog\/wp-content\/uploads\/2026\/07\/portrait-jascha-de-bloom.jpg","caption":"Jascha de Bloom"},"url":"https:\/\/www.ludwig-von-kapff.de\/blog\/author\/jascha"},{"@type":"Question","@id":"https:\/\/www.ludwig-von-kapff.de\/blog\/welcher-wein-eignet-sich-zum-kochen#faq-question-1787833721497","position":1,"url":"https:\/\/www.ludwig-von-kapff.de\/blog\/welcher-wein-eignet-sich-zum-kochen#faq-question-1787833721497","name":"Welchen Wein nimmt man f\u00fcr So\u00dfe?","answerCount":1,"acceptedAnswer":{"@type":"Answer","text":"F\u00fcr helle Rahm- oder Butterso\u00dfen passt ein trockener Wei\u00dfwein wie Riesling oder Chardonnay, f\u00fcr Tomaten- oder Bratenso\u00dfen hingegen ein Rotwein mit moderaten Tanninen wie Merlot oder Pinot Noir.","inLanguage":"de"},"inLanguage":"de"},{"@type":"Question","@id":"https:\/\/www.ludwig-von-kapff.de\/blog\/welcher-wein-eignet-sich-zum-kochen#faq-question-1787833732549","position":2,"url":"https:\/\/www.ludwig-von-kapff.de\/blog\/welcher-wein-eignet-sich-zum-kochen#faq-question-1787833732549","name":"Welcher Wein eignet sich zum Abl\u00f6schen?","answerCount":1,"acceptedAnswer":{"@type":"Answer","text":"Zum Abl\u00f6schen eignet sich ein trockener Wein, der zur Farbe des Gerichts passt: Wei\u00dfwein f\u00fcr Fisch und Gefl\u00fcgel, Rotwein f\u00fcr kr\u00e4ftig angebratenes Fleisch mit R\u00f6staromen.","inLanguage":"de"},"inLanguage":"de"},{"@type":"Question","@id":"https:\/\/www.ludwig-von-kapff.de\/blog\/welcher-wein-eignet-sich-zum-kochen#faq-question-1787833743589","position":3,"url":"https:\/\/www.ludwig-von-kapff.de\/blog\/welcher-wein-eignet-sich-zum-kochen#faq-question-1787833743589","name":"Wein zum Kochen: trocken oder lieblich?","answerCount":1,"acceptedAnswer":{"@type":"Answer","text":"Trocken. Ein lieblicher Wein mit Restzucker macht So\u00dfen beim Einkochen unangenehm s\u00fc\u00dflich statt ausbalanciert.","inLanguage":"de"},"inLanguage":"de"},{"@type":"Question","@id":"https:\/\/www.ludwig-von-kapff.de\/blog\/welcher-wein-eignet-sich-zum-kochen#faq-question-1787833752687","position":4,"url":"https:\/\/www.ludwig-von-kapff.de\/blog\/welcher-wein-eignet-sich-zum-kochen#faq-question-1787833752687","name":"Eignet sich Dornfelder zum Kochen?","answerCount":1,"acceptedAnswer":{"@type":"Answer","text":"Ein Dornfelder mit fruchtbetontem Charakter und moderaten Tanninen eignet sich f\u00fcr Schmorgerichte und dunkle So\u00dfen, sofern er trocken ausgebaut ist.","inLanguage":"de"},"inLanguage":"de"}]}},"jetpack_featured_media_url":"https:\/\/www.ludwig-von-kapff.de\/blog\/wp-content\/uploads\/2026\/08\/rotwein-flasche-topf-gulasch.jpg","_links":{"self":[{"href":"https:\/\/www.ludwig-von-kapff.de\/blog\/wp-json\/wp\/v2\/posts\/7553","targetHints":{"allow":["GET"]}}],"collection":[{"href":"https:\/\/www.ludwig-von-kapff.de\/blog\/wp-json\/wp\/v2\/posts"}],"about":[{"href":"https:\/\/www.ludwig-von-kapff.de\/blog\/wp-json\/wp\/v2\/types\/post"}],"author":[{"embeddable":true,"href":"https:\/\/www.ludwig-von-kapff.de\/blog\/wp-json\/wp\/v2\/users\/68"}],"replies":[{"embeddable":true,"href":"https:\/\/www.ludwig-von-kapff.de\/blog\/wp-json\/wp\/v2\/comments?post=7553"}],"version-history":[{"count":2,"href":"https:\/\/www.ludwig-von-kapff.de\/blog\/wp-json\/wp\/v2\/posts\/7553\/revisions"}],"predecessor-version":[{"id":7558,"href":"https:\/\/www.ludwig-von-kapff.de\/blog\/wp-json\/wp\/v2\/posts\/7553\/revisions\/7558"}],"wp:featuredmedia":[{"embeddable":true,"href":"https:\/\/www.ludwig-von-kapff.de\/blog\/wp-json\/wp\/v2\/media\/7555"}],"wp:attachment":[{"href":"https:\/\/www.ludwig-von-kapff.de\/blog\/wp-json\/wp\/v2\/media?parent=7553"}],"wp:term":[{"taxonomy":"category","embeddable":true,"href":"https:\/\/www.ludwig-von-kapff.de\/blog\/wp-json\/wp\/v2\/categories?post=7553"},{"taxonomy":"post_tag","embeddable":true,"href":"https:\/\/www.ludwig-von-kapff.de\/blog\/wp-json\/wp\/v2\/tags?post=7553"}],"curies":[{"name":"wp","href":"https:\/\/api.w.org\/{rel}","templated":true}]}}